{"id":82260,"date":"2016-03-11T17:21:10","date_gmt":"2016-03-11T20:21:10","guid":{"rendered":"http:\/\/www.redenoticia.com.br\/noticia\/?p=82260"},"modified":"2016-03-11T17:21:10","modified_gmt":"2016-03-11T20:21:10","slug":"novela-totalmente-demais-resumo-1403-dna-comprova-paternidade-de-eliza","status":"publish","type":"post","link":"https:\/\/migracao.redenoticia.com.br\/noticia\/2016\/novela-totalmente-demais-resumo-1403-dna-comprova-paternidade-de-eliza\/82260","title":{"rendered":"Novela \u201cTotalmente Demais\u201d resumo 14\/03: DNA comprova paternidade de Eliza"},"content":{"rendered":"<p> <strong><em><img loading=\"lazy\" decoding=\"async\" class=\"alignleft size-thumbnail wp-image-76581\" src=\"https:\/\/migracao.redenoticia.com.br\/noticia\/imagens\/totalmente_demais_novela_resumo_globo-150x112.jpg\" alt=\"totalmente_demais_novela_resumo_globo\" width=\"150\" height=\"112\" srcset=\"https:\/\/migracao.redenoticia.com.br\/noticia\/imagens\/totalmente_demais_novela_resumo_globo-150x112.jpg 150w, https:\/\/migracao.redenoticia.com.br\/noticia\/imagens\/totalmente_demais_novela_resumo_globo-265x198.jpg 265w\" sizes=\"auto, (max-width: 150px) 100vw, 150px\" \/>Novela \u201cTotalmente Demais\u201d resumo 14\/03<\/em><\/strong>: sai o resultado do exame de DNA de Eliza e Germano. No cap\u00edtulo 109, segunda-feira, 14 de mar\u00e7o, est\u00e1 prevista uma cena (*) onde finalmente sai o resultado do exame de DNA e comprova que Eliza \u00e9 filha de Germano. No pr\u00f3ximo cap\u00edtulo, Z\u00e9 Pedro confirma que Eliza pode continuar no concurso e, logo depois, ocorre o final da disputa Garota Totalmente Demais. <\/p>\n<p>No capitulo 109, novela \u201cTotalmente Demais\u201d, segunda-feira, 14 de mar\u00e7o &#8211; Cascudo avisa a Jeniffer que usar\u00e1 o dinheiro que ganhou de Edgar para fugir. Stelinha e Maurice se preocupam com a possibilidade de Arthur estar apaixonado por Eliza.<\/p>\n<p>Dur\u00e3o agride Cascudo novamente e Montanha o denuncia para a pol\u00edcia. Z\u00e9 Pedro diz a Carolina que nenhuma cl\u00e1usula no contrato do concurso diz que a vencedora n\u00e3o pode ser parente do patrocinador. O exame de DNA comprova que Eliza \u00e9 filha de Germano.<\/p>\n<p>Arthur manda para Carolina um uniforme da Excalibur, j\u00e1 se considerando o vencedor da aposta. Chega o dia da final do concurso.<\/p>\n<p>(*) edi\u00e7\u00e3o da Rede Globo, Novela \u201cTotalmente Demais\u201d, sujeito a altera\u00e7\u00e3o de data e conte\u00fado. <\/p>\n","protected":false},"excerpt":{"rendered":"<p>Novela \u201cTotalmente Demais\u201d resumo 14\/03: sai o resultado do exame de DNA de Eliza e Germano. No cap\u00edtulo 109, segunda-feira, 14 de mar\u00e7o, est\u00e1 prevista uma cena (*) onde finalmente sai o resultado do exame de DNA e comprova que Eliza \u00e9 filha de Germano. No pr\u00f3ximo cap\u00edtulo, Z\u00e9 Pedro confirma que Eliza pode continuar [&hellip;]<\/p>\n","protected":false},"author":2,"featured_media":76581,"comment_status":"open","ping_status":"closed","sticky":false,"template":"","format":"standard","meta":{"tdm_status":"","tdm_grid_status":"","footnotes":""},"categories":[379,375,343],"tags":[],"class_list":{"0":"post-82260","1":"post","2":"type-post","3":"status-publish","4":"format-standard","5":"has-post-thumbnail","7":"category-novelas","8":"category-rede-globo","9":"category-televisao"},"_links":{"self":[{"href":"https:\/\/migracao.redenoticia.com.br\/noticia\/wp-json\/wp\/v2\/posts\/82260","targetHints":{"allow":["GET"]}}],"collection":[{"href":"https:\/\/migracao.redenoticia.com.br\/noticia\/wp-json\/wp\/v2\/posts"}],"about":[{"href":"https:\/\/migracao.redenoticia.com.br\/noticia\/wp-json\/wp\/v2\/types\/post"}],"author":[{"embeddable":true,"href":"https:\/\/migracao.redenoticia.com.br\/noticia\/wp-json\/wp\/v2\/users\/2"}],"replies":[{"embeddable":true,"href":"https:\/\/migracao.redenoticia.com.br\/noticia\/wp-json\/wp\/v2\/comments?post=82260"}],"version-history":[{"count":0,"href":"https:\/\/migracao.redenoticia.com.br\/noticia\/wp-json\/wp\/v2\/posts\/82260\/revisions"}],"wp:featuredmedia":[{"embeddable":true,"href":"https:\/\/migracao.redenoticia.com.br\/noticia\/wp-json\/wp\/v2\/media\/76581"}],"wp:attachment":[{"href":"https:\/\/migracao.redenoticia.com.br\/noticia\/wp-json\/wp\/v2\/media?parent=82260"}],"wp:term":[{"taxonomy":"category","embeddable":true,"href":"https:\/\/migracao.redenoticia.com.br\/noticia\/wp-json\/wp\/v2\/categories?post=82260"},{"taxonomy":"post_tag","embeddable":true,"href":"https:\/\/migracao.redenoticia.com.br\/noticia\/wp-json\/wp\/v2\/tags?post=82260"}],"curies":[{"name":"wp","href":"https:\/\/api.w.org\/{rel}","templated":true}]}}