{"id":82271,"date":"2016-03-14T17:28:39","date_gmt":"2016-03-14T20:28:39","guid":{"rendered":"http:\/\/www.redenoticia.com.br\/noticia\/?p=82271"},"modified":"2016-03-14T17:28:18","modified_gmt":"2016-03-14T20:28:18","slug":"novela-velho-chico-resumo-1503-afranio-declara-seu-amor-por-iolanda","status":"publish","type":"post","link":"https:\/\/migracao.redenoticia.com.br\/noticia\/2016\/novela-velho-chico-resumo-1503-afranio-declara-seu-amor-por-iolanda\/82271","title":{"rendered":"Novela \u201cVelho Chico\u201d resumo 15\/03: Afr\u00e2nio declara seu amor por Iolanda"},"content":{"rendered":"<p><img loading=\"lazy\" decoding=\"async\" class=\"alignleft wp-image-82169 size-medium\" src=\"https:\/\/migracao.redenoticia.com.br\/noticia\/imagens\/velho_chico_novela_resumo_globo-187x187.jpg\" alt=\"velho_chico_novela_resumo_globo\" width=\"187\" height=\"187\" srcset=\"https:\/\/migracao.redenoticia.com.br\/noticia\/imagens\/velho_chico_novela_resumo_globo-187x187.jpg 187w, https:\/\/migracao.redenoticia.com.br\/noticia\/imagens\/velho_chico_novela_resumo_globo.jpg 300w, https:\/\/migracao.redenoticia.com.br\/noticia\/imagens\/velho_chico_novela_resumo_globo-150x150.jpg 150w, https:\/\/migracao.redenoticia.com.br\/noticia\/imagens\/velho_chico_novela_resumo_globo-110x110.jpg 110w, https:\/\/migracao.redenoticia.com.br\/noticia\/imagens\/velho_chico_novela_resumo_globo-50x50.jpg 50w\" sizes=\"auto, (max-width: 187px) 100vw, 187px\" \/><strong><em>Novela \u201cVelho Chico\u201d resumo 15\/03<\/em><\/strong>: Afr\u00e2nio declara seu amor por Iolanda. No capitulo 002, ter\u00e7a-feira, 15 de mar\u00e7o, est\u00e1 prevista uma cena (*) Iolanda se apresenta como cantora, desejada por muitos estudantes que frequentam o lugar. Nunca se deixou seduzir por dinheiro ou sobrenomes importantes. Viveu dois anos de intensa paix\u00e3o com Afr\u00e2nio, apoiada por Jacinto, que comemorou a conquista do filho como se fosse a sua. Depois da formatura de Afr\u00e2nio, Iolanda afirma que cansou de namorar \u00e0s escondidas. Afr\u00e2nio declara seu amor por Iolanda e pensa em assumir seu romance para os pais, mas Matilde tenta convencer Iolanda a desistir de Afr\u00e2nio.<\/p>\n<p>No capitulo 002, novela \u201cVelho Chico\u201d, ter\u00e7a-feira, 15 de mar\u00e7o &#8211; Afr\u00e2nio se decepciona ao descobrir que Encarna\u00e7\u00e3o n\u00e3o veio para sua formatura. Iolanda afirma a Afr\u00e2nio que cansou de namorar \u00e0s escondidas. Afr\u00e2nio declara seu amor por Iolanda.<\/p>\n<p>Encarna\u00e7\u00e3o sofre pela aus\u00eancia de In\u00e1cio e culpa Jacinto pela morte do filho. Jacinto sente uma forte dor no peito e n\u00e3o resiste. Piedade sente as dores do parto, mas n\u00e3o encontra Belmiro.<\/p>\n<p>Eul\u00e1lia comunica a Capit\u00e3o Rosa o falecimento do Coronel Jacinto. Encarna\u00e7\u00e3o exige que Afr\u00e2nio v\u00e1 para a fazenda. Piedade revela a Belmiro que seu beb\u00ea ir\u00e1 nascer.<\/p>\n<p>(*) edi\u00e7\u00e3o da Rede Globo, Novela \u201cVelho Chico\u201d, sujeito a altera\u00e7\u00e3o de data e conte\u00fado. <\/p>\n","protected":false},"excerpt":{"rendered":"<p>Novela \u201cVelho Chico\u201d resumo 15\/03: Afr\u00e2nio declara seu amor por Iolanda. No capitulo 002, ter\u00e7a-feira, 15 de mar\u00e7o, est\u00e1 prevista uma cena (*) Iolanda se apresenta como cantora, desejada por muitos estudantes que frequentam o lugar. Nunca se deixou seduzir por dinheiro ou sobrenomes importantes. Viveu dois anos de intensa paix\u00e3o com Afr\u00e2nio, apoiada por [&hellip;]<\/p>\n","protected":false},"author":2,"featured_media":82169,"comment_status":"open","ping_status":"closed","sticky":false,"template":"","format":"standard","meta":{"tdm_status":"","tdm_grid_status":"","footnotes":""},"categories":[379,375,343],"tags":[],"class_list":{"0":"post-82271","1":"post","2":"type-post","3":"status-publish","4":"format-standard","5":"has-post-thumbnail","7":"category-novelas","8":"category-rede-globo","9":"category-televisao"},"_links":{"self":[{"href":"https:\/\/migracao.redenoticia.com.br\/noticia\/wp-json\/wp\/v2\/posts\/82271","targetHints":{"allow":["GET"]}}],"collection":[{"href":"https:\/\/migracao.redenoticia.com.br\/noticia\/wp-json\/wp\/v2\/posts"}],"about":[{"href":"https:\/\/migracao.redenoticia.com.br\/noticia\/wp-json\/wp\/v2\/types\/post"}],"author":[{"embeddable":true,"href":"https:\/\/migracao.redenoticia.com.br\/noticia\/wp-json\/wp\/v2\/users\/2"}],"replies":[{"embeddable":true,"href":"https:\/\/migracao.redenoticia.com.br\/noticia\/wp-json\/wp\/v2\/comments?post=82271"}],"version-history":[{"count":0,"href":"https:\/\/migracao.redenoticia.com.br\/noticia\/wp-json\/wp\/v2\/posts\/82271\/revisions"}],"wp:featuredmedia":[{"embeddable":true,"href":"https:\/\/migracao.redenoticia.com.br\/noticia\/wp-json\/wp\/v2\/media\/82169"}],"wp:attachment":[{"href":"https:\/\/migracao.redenoticia.com.br\/noticia\/wp-json\/wp\/v2\/media?parent=82271"}],"wp:term":[{"taxonomy":"category","embeddable":true,"href":"https:\/\/migracao.redenoticia.com.br\/noticia\/wp-json\/wp\/v2\/categories?post=82271"},{"taxonomy":"post_tag","embeddable":true,"href":"https:\/\/migracao.redenoticia.com.br\/noticia\/wp-json\/wp\/v2\/tags?post=82271"}],"curies":[{"name":"wp","href":"https:\/\/api.w.org\/{rel}","templated":true}]}}