{"id":8230,"date":"2009-08-11T14:21:47","date_gmt":"2009-08-11T18:21:47","guid":{"rendered":"http:\/\/www.redenoticia.com.br\/noticia\/?p=8230"},"modified":"2009-08-12T08:53:13","modified_gmt":"2009-08-12T12:53:13","slug":"rede-record-mostra-primeiro-finalista-da-fazenda-nesta-noite","status":"publish","type":"post","link":"https:\/\/migracao.redenoticia.com.br\/noticia\/2009\/rede-record-mostra-primeiro-finalista-da-fazenda-nesta-noite\/8230","title":{"rendered":"Rede Record mostra primeiro finalista da Fazenda nesta noite"},"content":{"rendered":"<p>A Rede Record vai exibir esta noite (11\/08) dois programas da Fazenda. A primeira parte da Fazenda vai mostrar o dia dos pe\u00f5es, as tarefas e o dilema vivido no confinamento, e ser\u00e1 exibido ap\u00f3s a novela Bela, a Feia. A segunda parte da Fazenda ser\u00e1 exibida pela Rede Record logo ap\u00f3s a novela Poder Paralelo e mostrar\u00e1 o primeiro classificado para a grande final.<\/p>\n<p>O primeiro finalista da Fazenda vai ter que ganhar uma prova que pode ser a mais dif\u00edcil produzida pela Rede Record at\u00e9 agora. Pedro, Carlinhos, Danni Carlos e Dado Dolabella s\u00e3o os competidores desta noite. Os 3 pe\u00f5es que perderem na prova de hoje estar\u00e3o automaticamente classificados para a ro\u00e7a da Fazenda.<\/p>\n<p>O in\u00edcio da vota\u00e7\u00e3o para a elimina\u00e7\u00e3o de mais um pe\u00e3o da Fazenda no domingo deve ser divulgado pela Rede Record logo ap\u00f3s a exibi\u00e7\u00e3o da prova desta noite.<\/p>\n<p>Nesta segunda-feira, o reality show A Fazenda registrou boa audi\u00eancia com 11 pontos de m\u00e9dia, pico de 14 e share de 15%, resultado que garantiu o segundo lugar isolado em sua faixa de exibi\u00e7\u00e3o, das 21h20 \u00e0s 22h. O segundo boletim de A Fazenda tamb\u00e9m garantiu dois d\u00edgitos de audi\u00eancia e ficou no segundo lugar isolado, com 11 pontos de m\u00e9dia, pico de 14 e share de 21%, na faixa das 23h02 \u00e0s 23h33.Nesta ter\u00e7a A Fazenda ser\u00e1 exibida na Rede Record hoje \u00e0s 21h15 e \u00e0s 23h, direto de Itu.<\/p>\n<p>Fonte Rede Record \u2013 A Fazenda<\/p>\n","protected":false},"excerpt":{"rendered":"<p>A Rede Record vai exibir esta noite (11\/08) dois programas da Fazenda. A primeira parte da Fazenda vai mostrar o dia dos pe\u00f5es, as tarefas e o dilema vivido no confinamento, e ser\u00e1 exibido ap\u00f3s a novela Bela, a Feia. A segunda parte da Fazenda ser\u00e1 exibida pela Rede Record logo ap\u00f3s a novela Poder [&hellip;]<\/p>\n","protected":false},"author":3,"featured_media":0,"comment_status":"open","ping_status":"open","sticky":false,"template":"","format":"standard","meta":{"tdm_status":"","tdm_grid_status":"","footnotes":""},"categories":[22,343],"tags":[],"class_list":{"0":"post-8230","1":"post","2":"type-post","3":"status-publish","4":"format-standard","6":"category-brasil","7":"category-televisao"},"_links":{"self":[{"href":"https:\/\/migracao.redenoticia.com.br\/noticia\/wp-json\/wp\/v2\/posts\/8230","targetHints":{"allow":["GET"]}}],"collection":[{"href":"https:\/\/migracao.redenoticia.com.br\/noticia\/wp-json\/wp\/v2\/posts"}],"about":[{"href":"https:\/\/migracao.redenoticia.com.br\/noticia\/wp-json\/wp\/v2\/types\/post"}],"author":[{"embeddable":true,"href":"https:\/\/migracao.redenoticia.com.br\/noticia\/wp-json\/wp\/v2\/users\/3"}],"replies":[{"embeddable":true,"href":"https:\/\/migracao.redenoticia.com.br\/noticia\/wp-json\/wp\/v2\/comments?post=8230"}],"version-history":[{"count":0,"href":"https:\/\/migracao.redenoticia.com.br\/noticia\/wp-json\/wp\/v2\/posts\/8230\/revisions"}],"wp:attachment":[{"href":"https:\/\/migracao.redenoticia.com.br\/noticia\/wp-json\/wp\/v2\/media?parent=8230"}],"wp:term":[{"taxonomy":"category","embeddable":true,"href":"https:\/\/migracao.redenoticia.com.br\/noticia\/wp-json\/wp\/v2\/categories?post=8230"},{"taxonomy":"post_tag","embeddable":true,"href":"https:\/\/migracao.redenoticia.com.br\/noticia\/wp-json\/wp\/v2\/tags?post=8230"}],"curies":[{"name":"wp","href":"https:\/\/api.w.org\/{rel}","templated":true}]}}