{"id":8232,"date":"2009-08-11T14:26:16","date_gmt":"2009-08-11T18:26:16","guid":{"rendered":"http:\/\/www.redenoticia.com.br\/noticia\/?p=8232"},"modified":"2009-08-11T14:26:16","modified_gmt":"2009-08-11T18:26:16","slug":"previsao-do-tempo-indica-que-dia-segue-com-chuvas-fracas-entre-o-parana-e-sudeste-do-brasil","status":"publish","type":"post","link":"https:\/\/migracao.redenoticia.com.br\/noticia\/2009\/previsao-do-tempo-indica-que-dia-segue-com-chuvas-fracas-entre-o-parana-e-sudeste-do-brasil\/8232","title":{"rendered":"Previs\u00e3o do Tempo indica que dia segue com chuvas fracas entre o Paran\u00e1 e Sudeste do Brasil"},"content":{"rendered":"<p>Previs\u00e3o do tempo &#8211; Sensa\u00e7\u00e3o de frio predomina e m\u00e1xima n\u00e3o passa de 20\u00b0C em v\u00e1rias localidades. Uma frente fria avan\u00e7a pelo pa\u00eds nesta ter\u00e7a-feira e provoca mudan\u00e7a na temperatura de v\u00e1rias cidades do Sudeste. Na cidade de S\u00e3o Paulo, por exemplo, a temperatura caiu 6\u00b0C em 24 horas, de 18\u00b0C para 12\u00b0C. Por conta da chuva fraca e dos ventos, a sensa\u00e7\u00e3o t\u00e9rmica \u00e9 de mais frio: apenas 8\u00b0C. No Rio tamb\u00e9m chove fraco nesta manh\u00e3 e a sensa\u00e7\u00e3o \u00e9 de 15\u00b0C em alguns bairros da cidade.\u00a0<\/p>\n<p>Al\u00e9m de S\u00e3o Paulo e Rio de Janeiro, a previs\u00e3o do tempo indica que a frente fria provoca chuvas fracas, ventos fortes e frio no leste do Paran\u00e1, leste do Estado de S\u00e3o Paulo, todo o Estado do Rio de Janeiro, centro e sul do Esp\u00edrito Santo e parte do sul e zona da mata de Minas Gerais.<\/p>\n<p>No Sul, a previs\u00e3o do tempo mostra a presen\u00e7a de uma nova massa de ar polar que gera temperaturas negativas na Serra do Rio Grande do Sul e geadas nos pontos mais elevados dos tr\u00eas Estados. O frio tamb\u00e9m chegou ao Centro-Oeste, onde a m\u00ednima ficou em torno dos 9\u00b0C em Campo Grande e 14\u00b0C em Cuiab\u00e1.<\/p>\n<p>J\u00e1 no Nordeste, o calor prossegue e \u00e1reas de instabilidade conhecidas por Ondas de Leste causam chuvas na forma de pancadas desde a costa norte de Alagoas at\u00e9 o litoral do Rio Grande do Norte. Na Regi\u00e3o Norte, nuvens carregadas causam pancadas de chuva e trovoadas no oeste do Acre, boa parte do Amazonas, Roraima norte do Par\u00e1 e norte do Amap\u00e1.<\/p>\n<p>Pr\u00f3ximos dias<br \/>\nDe acordo com os meteorologistas da Somar, a semana segue com tempo seco em boa parte do pa\u00eds. &#8220;A frente fria n\u00e3o consegue organizar nuvens carregadas e chove fraco apenas no nordeste do Rio Grande do Sul, sul de Santa Catarina, nordeste de S\u00e3o Paulo, Rio de Janeiro e centro e sul de Minas Gerais&#8221;, diz Celso Oliveira. \u00c1reas de instabilidade provocam chuvas generalizadas e com baixo acumulado no centro e norte do Esp\u00edrito Santo, boa parte do leste do Nordeste, norte do Maranh\u00e3o e ao norte e oeste da Regi\u00e3o Norte<\/p>\n<p>O maior destaque desta semana \u00e9 o acentuado decl\u00ednio da temperatura, depois dos dias mais quentes do inverno no Sudeste e Centro-Oeste. Esperam-se geadas no interior do Rio Grande do Sul e de Santa Catarina e no sul do Paran\u00e1. Nos pr\u00f3ximos dias a m\u00e1xima n\u00e3o dever\u00e1 passar dos 24\u00b0C no sul e leste de S\u00e3o Paulo e no sul de Minas Gerais e 27\u00b0C no sul de Mato Grosso do Sul.<\/p>\n","protected":false},"excerpt":{"rendered":"<p>Previs\u00e3o do tempo &#8211; Sensa\u00e7\u00e3o de frio predomina e m\u00e1xima n\u00e3o passa de 20\u00b0C em v\u00e1rias localidades. Uma frente fria avan\u00e7a pelo pa\u00eds nesta ter\u00e7a-feira e provoca mudan\u00e7a na temperatura de v\u00e1rias cidades do Sudeste. Na cidade de S\u00e3o Paulo, por exemplo, a temperatura caiu 6\u00b0C em 24 horas, de 18\u00b0C para 12\u00b0C. Por conta [&hellip;]<\/p>\n","protected":false},"author":3,"featured_media":0,"comment_status":"open","ping_status":"open","sticky":false,"template":"","format":"standard","meta":{"tdm_status":"","tdm_grid_status":"","footnotes":""},"categories":[22,327],"tags":[],"class_list":{"0":"post-8232","1":"post","2":"type-post","3":"status-publish","4":"format-standard","6":"category-brasil","7":"category-clima"},"_links":{"self":[{"href":"https:\/\/migracao.redenoticia.com.br\/noticia\/wp-json\/wp\/v2\/posts\/8232","targetHints":{"allow":["GET"]}}],"collection":[{"href":"https:\/\/migracao.redenoticia.com.br\/noticia\/wp-json\/wp\/v2\/posts"}],"about":[{"href":"https:\/\/migracao.redenoticia.com.br\/noticia\/wp-json\/wp\/v2\/types\/post"}],"author":[{"embeddable":true,"href":"https:\/\/migracao.redenoticia.com.br\/noticia\/wp-json\/wp\/v2\/users\/3"}],"replies":[{"embeddable":true,"href":"https:\/\/migracao.redenoticia.com.br\/noticia\/wp-json\/wp\/v2\/comments?post=8232"}],"version-history":[{"count":0,"href":"https:\/\/migracao.redenoticia.com.br\/noticia\/wp-json\/wp\/v2\/posts\/8232\/revisions"}],"wp:attachment":[{"href":"https:\/\/migracao.redenoticia.com.br\/noticia\/wp-json\/wp\/v2\/media?parent=8232"}],"wp:term":[{"taxonomy":"category","embeddable":true,"href":"https:\/\/migracao.redenoticia.com.br\/noticia\/wp-json\/wp\/v2\/categories?post=8232"},{"taxonomy":"post_tag","embeddable":true,"href":"https:\/\/migracao.redenoticia.com.br\/noticia\/wp-json\/wp\/v2\/tags?post=8232"}],"curies":[{"name":"wp","href":"https:\/\/api.w.org\/{rel}","templated":true}]}}