{"id":8234,"date":"2009-08-11T14:44:50","date_gmt":"2009-08-11T18:44:50","guid":{"rendered":"http:\/\/www.redenoticia.com.br\/noticia\/?p=8234"},"modified":"2009-08-11T14:44:50","modified_gmt":"2009-08-11T18:44:50","slug":"temperatura-chegou-a-12-graus-negativos-na-serra-gaucha","status":"publish","type":"post","link":"https:\/\/migracao.redenoticia.com.br\/noticia\/2009\/temperatura-chegou-a-12-graus-negativos-na-serra-gaucha\/8234","title":{"rendered":"Temperatura chegou a 1,2 graus negativos na serra ga\u00facha"},"content":{"rendered":"<p>At\u00e9 s\u00e1bado (15), tempo permanece seco e frio diminui na Regi\u00e3o Sul. Uma nova massa de ar polar voltou a derrubar as temperaturas no Sul do pa\u00eds e a ter\u00e7a-feira come\u00e7ou com m\u00ednima negativa na Serra do Rio Grande do Sul e geadas nos pontos mais elevados dos tr\u00eas Estados. Em S\u00e3o Jos\u00e9 dos Ausentes, na serra ga\u00facha, os term\u00f4metros registraram -1,2\u00b0C. Em Urubici, na serra catarinense, a m\u00ednima chegou a 0,7\u00b0C e em General Carneiro, no Paran\u00e1, os term\u00f4metros marcaram 1,2\u00b0C. De acordo com os meteorologistas da Somar, mesmo com o tempo seco e a presen\u00e7a do sol, a sensa\u00e7\u00e3o de frio predomina ao longo do dia e a m\u00e1xima n\u00e3o passa dos 20\u00b0C na maior parte da Regi\u00e3o Sul. Apenas no noroeste do Paran\u00e1, a temperatura sobe um pouco mais e chega a 22\u00b0C.\u00a0<\/p>\n<p>Na quarta-feira ainda h\u00e1 previs\u00e3o de geadas, com m\u00ednima entre 0\u00b0C e 2\u00b0C na Serra Geral. Nas demais \u00e1reas, o frio diminui e a m\u00ednima oscila entre 3\u00b0C e 10\u00b0C. O dia segue ensolarado e na Regi\u00e3o e a temperatura m\u00e1xima tamb\u00e9m entra em eleva\u00e7\u00e3o, alcan\u00e7ando 25\u00b0C no norte do Paran\u00e1 e 23\u00b0C no centro, sul e oeste do Rio Grande do Sul, mas ainda n\u00e3o passa dos 20\u00b0C em todo o Estado de Santa Catarina.<\/p>\n<p>Na quinta-feira j\u00e1 n\u00e3o h\u00e1 previs\u00e3o de geadas e esperam-se m\u00ednimas entre 3\u00b0C (Serra Geral) e 16\u00b0C (noroeste do Paran\u00e1 e litoral da Regi\u00e3o Sul). A m\u00e1xima chega a 28\u00b0C no noroeste do Paran\u00e1 e 25\u00b0C no oeste de Santa Catarina e em boa parte do Rio Grande do Sul. Apenas na Serra Geral, a m\u00e1xima ainda n\u00e3o passa dos 20\u00b0C. Segundo o meteorologista Celso Oliveira, at\u00e9 s\u00e1bado (15), o tempo permanecer\u00e1 seco, ensolarado e com temperaturas em eleva\u00e7\u00e3o na Regi\u00e3o Sul. J\u00e1 entre o domingo e a quarta-feira (19), uma nova frente fria avan\u00e7a pela Regi\u00e3o Sul provocando chuvas no Rio Grande do Sul, Santa Catarina e sul do Paran\u00e1.<\/p>\n","protected":false},"excerpt":{"rendered":"<p>At\u00e9 s\u00e1bado (15), tempo permanece seco e frio diminui na Regi\u00e3o Sul. Uma nova massa de ar polar voltou a derrubar as temperaturas no Sul do pa\u00eds e a ter\u00e7a-feira come\u00e7ou com m\u00ednima negativa na Serra do Rio Grande do Sul e geadas nos pontos mais elevados dos tr\u00eas Estados. Em S\u00e3o Jos\u00e9 dos Ausentes, [&hellip;]<\/p>\n","protected":false},"author":3,"featured_media":0,"comment_status":"open","ping_status":"open","sticky":false,"template":"","format":"standard","meta":{"tdm_status":"","tdm_grid_status":"","footnotes":""},"categories":[22,327],"tags":[],"class_list":{"0":"post-8234","1":"post","2":"type-post","3":"status-publish","4":"format-standard","6":"category-brasil","7":"category-clima"},"_links":{"self":[{"href":"https:\/\/migracao.redenoticia.com.br\/noticia\/wp-json\/wp\/v2\/posts\/8234","targetHints":{"allow":["GET"]}}],"collection":[{"href":"https:\/\/migracao.redenoticia.com.br\/noticia\/wp-json\/wp\/v2\/posts"}],"about":[{"href":"https:\/\/migracao.redenoticia.com.br\/noticia\/wp-json\/wp\/v2\/types\/post"}],"author":[{"embeddable":true,"href":"https:\/\/migracao.redenoticia.com.br\/noticia\/wp-json\/wp\/v2\/users\/3"}],"replies":[{"embeddable":true,"href":"https:\/\/migracao.redenoticia.com.br\/noticia\/wp-json\/wp\/v2\/comments?post=8234"}],"version-history":[{"count":0,"href":"https:\/\/migracao.redenoticia.com.br\/noticia\/wp-json\/wp\/v2\/posts\/8234\/revisions"}],"wp:attachment":[{"href":"https:\/\/migracao.redenoticia.com.br\/noticia\/wp-json\/wp\/v2\/media?parent=8234"}],"wp:term":[{"taxonomy":"category","embeddable":true,"href":"https:\/\/migracao.redenoticia.com.br\/noticia\/wp-json\/wp\/v2\/categories?post=8234"},{"taxonomy":"post_tag","embeddable":true,"href":"https:\/\/migracao.redenoticia.com.br\/noticia\/wp-json\/wp\/v2\/tags?post=8234"}],"curies":[{"name":"wp","href":"https:\/\/api.w.org\/{rel}","templated":true}]}}