{"id":82345,"date":"2016-03-14T10:43:06","date_gmt":"2016-03-14T13:43:06","guid":{"rendered":"http:\/\/www.redenoticia.com.br\/noticia\/?p=82345"},"modified":"2016-03-13T19:44:03","modified_gmt":"2016-03-13T22:44:03","slug":"volume-de-servicos-cai-5-em-janeiro-diz-pesquisa","status":"publish","type":"post","link":"https:\/\/migracao.redenoticia.com.br\/noticia\/2016\/volume-de-servicos-cai-5-em-janeiro-diz-pesquisa\/82345","title":{"rendered":"Volume de servi\u00e7os cai 5% em janeiro, diz pesquisa"},"content":{"rendered":"<p> O <strong><em>volume de servi\u00e7os<\/em><\/strong> no pa\u00eds teve uma queda de 5% em janeiro deste ano, na compara\u00e7\u00e3o com janeiro de 2015. Segundo dados da Pesquisa Mensal de Servi\u00e7os (PMS), feita pelo Instituto Brasileiro de Geografia e Estat\u00edstica (IBGE), essa \u00e9 a 10\u00aa queda consecutiva do indicador, que repetiu o desempenho de dezembro de 2015 (-5%). Os servi\u00e7os acumulam perdas de 3,7% no volume nos \u00faltimos 12 meses.<\/p>\n<p>Os cinco grandes setores dos servi\u00e7os tiveram queda em janeiro \u00faltimo. Os principais respons\u00e1veis pela queda de 5% foram os segmentos de servi\u00e7os profissionais, administrativos e complementares (-9,1%) e transportes, servi\u00e7os auxiliares de transportes e correio (-5,8%).<\/p>\n<p>Os outros servi\u00e7os tiveram recuo de 7,9%, enquanto os servi\u00e7os prestados \u00e0s fam\u00edlias ca\u00edram 4,1%. A queda mais moderada foi observada nos servi\u00e7os de informa\u00e7\u00e3o e comunica\u00e7\u00e3o (-2,1%).<\/p>\n<p>Em rela\u00e7\u00e3o \u00e0 receita nominal (que n\u00e3o reajusta os valores dos meses anteriores de acordo com a infla\u00e7\u00e3o), houve queda de 0,1% em janeiro. No acumulado de 12 meses, no entanto, a alta \u00e9 de 1,1%.<\/p>\n<p>Vitor Abdala \u2013 Rep\u00f3rter da Ag\u00eancia Brasil<br \/>\nEdi\u00e7\u00e3o: Kleber Sampaio<br \/>\n14\/03\/2016<\/p>\n","protected":false},"excerpt":{"rendered":"<p>O volume de servi\u00e7os no pa\u00eds teve uma queda de 5% em janeiro deste ano, na compara\u00e7\u00e3o com janeiro de 2015. Segundo dados da Pesquisa Mensal de Servi\u00e7os (PMS), feita pelo Instituto Brasileiro de Geografia e Estat\u00edstica (IBGE), essa \u00e9 a 10\u00aa queda consecutiva do indicador, que repetiu o desempenho de dezembro de 2015 (-5%). [&hellip;]<\/p>\n","protected":false},"author":2,"featured_media":57585,"comment_status":"open","ping_status":"closed","sticky":false,"template":"","format":"standard","meta":{"tdm_status":"","tdm_grid_status":"","footnotes":""},"categories":[22,7],"tags":[],"class_list":{"0":"post-82345","1":"post","2":"type-post","3":"status-publish","4":"format-standard","5":"has-post-thumbnail","7":"category-brasil","8":"category-economia"},"_links":{"self":[{"href":"https:\/\/migracao.redenoticia.com.br\/noticia\/wp-json\/wp\/v2\/posts\/82345","targetHints":{"allow":["GET"]}}],"collection":[{"href":"https:\/\/migracao.redenoticia.com.br\/noticia\/wp-json\/wp\/v2\/posts"}],"about":[{"href":"https:\/\/migracao.redenoticia.com.br\/noticia\/wp-json\/wp\/v2\/types\/post"}],"author":[{"embeddable":true,"href":"https:\/\/migracao.redenoticia.com.br\/noticia\/wp-json\/wp\/v2\/users\/2"}],"replies":[{"embeddable":true,"href":"https:\/\/migracao.redenoticia.com.br\/noticia\/wp-json\/wp\/v2\/comments?post=82345"}],"version-history":[{"count":0,"href":"https:\/\/migracao.redenoticia.com.br\/noticia\/wp-json\/wp\/v2\/posts\/82345\/revisions"}],"wp:featuredmedia":[{"embeddable":true,"href":"https:\/\/migracao.redenoticia.com.br\/noticia\/wp-json\/wp\/v2\/media\/57585"}],"wp:attachment":[{"href":"https:\/\/migracao.redenoticia.com.br\/noticia\/wp-json\/wp\/v2\/media?parent=82345"}],"wp:term":[{"taxonomy":"category","embeddable":true,"href":"https:\/\/migracao.redenoticia.com.br\/noticia\/wp-json\/wp\/v2\/categories?post=82345"},{"taxonomy":"post_tag","embeddable":true,"href":"https:\/\/migracao.redenoticia.com.br\/noticia\/wp-json\/wp\/v2\/tags?post=82345"}],"curies":[{"name":"wp","href":"https:\/\/api.w.org\/{rel}","templated":true}]}}