{"id":82347,"date":"2016-03-14T10:44:12","date_gmt":"2016-03-14T13:44:12","guid":{"rendered":"http:\/\/www.redenoticia.com.br\/noticia\/?p=82347"},"modified":"2016-03-13T19:45:59","modified_gmt":"2016-03-13T22:45:59","slug":"abi-divulga-nota-de-preocupacao-com-hostilidades-a-jornalistas-em-manifestacoes","status":"publish","type":"post","link":"https:\/\/migracao.redenoticia.com.br\/noticia\/2016\/abi-divulga-nota-de-preocupacao-com-hostilidades-a-jornalistas-em-manifestacoes\/82347","title":{"rendered":"ABI divulga nota de preocupa\u00e7\u00e3o com hostilidades a jornalistas"},"content":{"rendered":"<p> A Associa\u00e7\u00e3o Brasileira de Imprensa (ABI) est\u00e1 preocupada com o aumento das <strong><em>hostilidades contra jornalistas<\/em><\/strong> e \u00f3rg\u00e3os de comunica\u00e7\u00e3o no qual trabalham, divulgou em nota, manifestando preocupa\u00e7\u00e3o com o agravamento das hostilidades contra jornalistas e ve\u00edculos de comunica\u00e7\u00e3o neste momento \u201cparticularmente delicado da vida do pa\u00eds\u201d.<\/p>\n<p>\u201cA espiral de viol\u00eancia que prosperou ao longo do ano passado estimulou recentemente inaceit\u00e1veis epis\u00f3dios de intoler\u00e2ncia pol\u00edtica com graves amea\u00e7as \u00e0 liberdade de imprensa e \u00e0 pr\u00f3pria democracia\u201d, diz a nota.<\/p>\n<p>A ABI solidariza-se com todas as v\u00edtimas desse \u201cinaceit\u00e1vel processo de intimida\u00e7\u00e3o\u201d e apoia a iniciativa da Associa\u00e7\u00e3o Nacional de Jornais (ANJ), a Associa\u00e7\u00e3o Brasileira de Emissoras de R\u00e1dio e Televis\u00e3o (Abert), a Associa\u00e7\u00e3o Nacional de Editores de Revistas (Anaer), a Associa\u00e7\u00e3o Brasileira de R\u00e1dio e Televis\u00e3o (Abraer) em advertir as autoridades e alertar a opini\u00e3o p\u00fablica sobre as consequ\u00eancias imprevis\u00edveis que novos atos dessa natureza produzir\u00e3o sobre as garantias fundamentais.<\/p>\n<p>\u201cEsperamos que as manifesta\u00e7\u00f5es previstas para os pr\u00f3ximos dias ocorram de forma pac\u00edfica e que todos os profissionais de imprensa designados para a cobertura tenham absoluta liberdade em seu trabalho de levar a informa\u00e7\u00e3o a toda a sociedade brasileira\u201d, diz a nota.<\/p>\n<p>O documento \u00e9 assinado pelo presidente da entidade, Domingos Meirelles, e diz ainda que n\u00e3o se pode tolerar que o Brasil repita em 2016 o \u201cdeplor\u00e1vel desempenho\u201d do ano passado, quando a organiza\u00e7\u00e3o Rep\u00f3rteres Sem Fronteiras classificou o Brasil como o quinto pa\u00eds mais perigoso do mundo para o exerc\u00edcio da atividade jornal\u00edstica. \u201cPerformance que ofende os valores de uma na\u00e7\u00e3o civilizada e cobre de vergonha a todos n\u00f3s&#8221;.<\/p>\n<p>Douglas Correa &#8211; Rep\u00f3rter da Ag\u00eancia Brasil<br \/>\nEdi\u00e7\u00e3o: F\u00e1bio Massalli<br \/>\n14\/03\/2016 <\/p>\n","protected":false},"excerpt":{"rendered":"<p>A Associa\u00e7\u00e3o Brasileira de Imprensa (ABI) est\u00e1 preocupada com o aumento das hostilidades contra jornalistas e \u00f3rg\u00e3os de comunica\u00e7\u00e3o no qual trabalham, divulgou em nota, manifestando preocupa\u00e7\u00e3o com o agravamento das hostilidades contra jornalistas e ve\u00edculos de comunica\u00e7\u00e3o neste momento \u201cparticularmente delicado da vida do pa\u00eds\u201d. \u201cA espiral de viol\u00eancia que prosperou ao longo do [&hellip;]<\/p>\n","protected":false},"author":2,"featured_media":37419,"comment_status":"open","ping_status":"closed","sticky":false,"template":"","format":"standard","meta":{"tdm_status":"","tdm_grid_status":"","footnotes":""},"categories":[22],"tags":[],"class_list":{"0":"post-82347","1":"post","2":"type-post","3":"status-publish","4":"format-standard","5":"has-post-thumbnail","7":"category-brasil"},"_links":{"self":[{"href":"https:\/\/migracao.redenoticia.com.br\/noticia\/wp-json\/wp\/v2\/posts\/82347","targetHints":{"allow":["GET"]}}],"collection":[{"href":"https:\/\/migracao.redenoticia.com.br\/noticia\/wp-json\/wp\/v2\/posts"}],"about":[{"href":"https:\/\/migracao.redenoticia.com.br\/noticia\/wp-json\/wp\/v2\/types\/post"}],"author":[{"embeddable":true,"href":"https:\/\/migracao.redenoticia.com.br\/noticia\/wp-json\/wp\/v2\/users\/2"}],"replies":[{"embeddable":true,"href":"https:\/\/migracao.redenoticia.com.br\/noticia\/wp-json\/wp\/v2\/comments?post=82347"}],"version-history":[{"count":0,"href":"https:\/\/migracao.redenoticia.com.br\/noticia\/wp-json\/wp\/v2\/posts\/82347\/revisions"}],"wp:featuredmedia":[{"embeddable":true,"href":"https:\/\/migracao.redenoticia.com.br\/noticia\/wp-json\/wp\/v2\/media\/37419"}],"wp:attachment":[{"href":"https:\/\/migracao.redenoticia.com.br\/noticia\/wp-json\/wp\/v2\/media?parent=82347"}],"wp:term":[{"taxonomy":"category","embeddable":true,"href":"https:\/\/migracao.redenoticia.com.br\/noticia\/wp-json\/wp\/v2\/categories?post=82347"},{"taxonomy":"post_tag","embeddable":true,"href":"https:\/\/migracao.redenoticia.com.br\/noticia\/wp-json\/wp\/v2\/tags?post=82347"}],"curies":[{"name":"wp","href":"https:\/\/api.w.org\/{rel}","templated":true}]}}