{"id":8236,"date":"2009-08-11T14:48:34","date_gmt":"2009-08-11T18:48:34","guid":{"rendered":"http:\/\/www.redenoticia.com.br\/noticia\/?p=8236"},"modified":"2009-08-11T15:24:17","modified_gmt":"2009-08-11T19:24:17","slug":"clima-tempo-chuva-da-uma-tregua-no-rio-grande-do-sul","status":"publish","type":"post","link":"https:\/\/migracao.redenoticia.com.br\/noticia\/2009\/clima-tempo-chuva-da-uma-tregua-no-rio-grande-do-sul\/8236","title":{"rendered":"Clima tempo &#8211; Chuva d\u00e1 uma tr\u00e9gua no Rio Grande do Sul"},"content":{"rendered":"<p>Meteorologia da Climatempo prev\u00ea geada nas primeiras horas da manh\u00e3. As nuvens pesadas de chuva j\u00e1 se afastaram do Rio Grande do Sul. Nesta ter\u00e7a-feira, a forte massa polar que passa sobre o Sul do Brasil deixa a temperatura baixa em Porto Alegre. O frio e a umidade alta formaram um forte nevoeiro sobre a cidade nesta manh\u00e3. \u00c0s 8 horas da manh\u00e3, o aeroporto Salgado Filho estava com 9\u00b0C e visibilidade de 900 metros.\u00a0<\/p>\n<p>De acordo com os meteorologistas da Climatempo, n\u00e3o deve voltar a chover at\u00e9 a quinta-feira. Amanh\u00e3, o dia amanhece gelado no Sul do Brasil. Nas primeiras horas da manh\u00e3, pode gear nas \u00e1reas de serra ga\u00facha e catarinense e tamb\u00e9m no sul do Paran\u00e1. N\u00e3o est\u00e1 descartada a possibilidade de nevoeiros, o que prejudica a visibilidade. Muita aten\u00e7\u00e3o nas estradas.<\/p>\n<p>Acumulado de chuva ultrapassa o volume m\u00e9dio do m\u00eas, segundo a Climatempo.\u00c1reas de instabilidade que se intensificaram no Rio Grande do Sul durante o fim de semana favoreceram a ocorr\u00eancia de muita chuva em Porto Alegre. Segundo o INMET, Instituto Nacional de Meteorologia, entre 9h de domingo e 9h desta \u00faltima segunda-feira, o acumulado de chuva chegou a 78 mil\u00edmetros.<\/p>\n<p>Desde o come\u00e7o do m\u00eas, o total de chuva j\u00e1 chegou a 168,2 mil\u00edmetros na capital ga\u00facha. Este valor j\u00e1 est\u00e1 20% acima da m\u00e9dia para o m\u00eas de agosto, que \u00e9 de 140 mil\u00edmetros. Em v\u00e1rias outras localidades do norte e o nordeste do Rio Grande do Sul, onde est\u00e3o \u00e1reas elevadas de planalto e serra, a quantidade de chuva tamb\u00e9m superou a m\u00e9dia.<\/p>\n<p>A Climatempo informa que outra frente fria j\u00e1 est\u00e1 sendo esperada para o fim de semana que vem. Por enquanto, n\u00e3o h\u00e1 expectativa de chuva volumosa como aconteceu nos \u00faltimos dias. A defesa Civil deve estar atenta, porque o solo est\u00e1 muito encharcado e a previs\u00e3o de mais chuva par ao pr\u00f3ximo s\u00e1bado aumenta o risco de novos transbordamentos e deslizamentos de encostas.<\/p>\n<p>Sobre o Grupo Climatempo<\/p>\n<p>O Grupo Climatempo \u00e9 a maior empresa privada de meteorologia do pa\u00eds. Uma holding formada pela Climatempo Consultoria, Ag\u00eancia Climatempo, a TV Climatempo e a CLIMANET (Internet, servi\u00e7os de tecnologia e inform\u00e1tica). Atualmente, o Grupo Climatempo fornece conte\u00fado para os principais portais do pa\u00eds, mais de 50 retransmissoras de televis\u00e3o do Brasil, r\u00e1dios e tem cerca de mil clientes. Os dois principais segmentos atendidos s\u00e3o o de agroneg\u00f3cios e meios de comunica\u00e7\u00e3o. Al\u00e9m destes, fornece conte\u00fado meteorol\u00f3gico estrat\u00e9gico para produtoras, a ind\u00fastria eletroeletr\u00f4nica e t\u00eaxtil, com\u00e9rcio, moda e turismo, constru\u00e7\u00e3o civil, setor de energia, entre outros setores.<\/p>\n","protected":false},"excerpt":{"rendered":"<p>Meteorologia da Climatempo prev\u00ea geada nas primeiras horas da manh\u00e3. As nuvens pesadas de chuva j\u00e1 se afastaram do Rio Grande do Sul. Nesta ter\u00e7a-feira, a forte massa polar que passa sobre o Sul do Brasil deixa a temperatura baixa em Porto Alegre. O frio e a umidade alta formaram um forte nevoeiro sobre a [&hellip;]<\/p>\n","protected":false},"author":3,"featured_media":0,"comment_status":"open","ping_status":"open","sticky":false,"template":"","format":"standard","meta":{"tdm_status":"","tdm_grid_status":"","footnotes":""},"categories":[22,327],"tags":[],"class_list":{"0":"post-8236","1":"post","2":"type-post","3":"status-publish","4":"format-standard","6":"category-brasil","7":"category-clima"},"_links":{"self":[{"href":"https:\/\/migracao.redenoticia.com.br\/noticia\/wp-json\/wp\/v2\/posts\/8236","targetHints":{"allow":["GET"]}}],"collection":[{"href":"https:\/\/migracao.redenoticia.com.br\/noticia\/wp-json\/wp\/v2\/posts"}],"about":[{"href":"https:\/\/migracao.redenoticia.com.br\/noticia\/wp-json\/wp\/v2\/types\/post"}],"author":[{"embeddable":true,"href":"https:\/\/migracao.redenoticia.com.br\/noticia\/wp-json\/wp\/v2\/users\/3"}],"replies":[{"embeddable":true,"href":"https:\/\/migracao.redenoticia.com.br\/noticia\/wp-json\/wp\/v2\/comments?post=8236"}],"version-history":[{"count":0,"href":"https:\/\/migracao.redenoticia.com.br\/noticia\/wp-json\/wp\/v2\/posts\/8236\/revisions"}],"wp:attachment":[{"href":"https:\/\/migracao.redenoticia.com.br\/noticia\/wp-json\/wp\/v2\/media?parent=8236"}],"wp:term":[{"taxonomy":"category","embeddable":true,"href":"https:\/\/migracao.redenoticia.com.br\/noticia\/wp-json\/wp\/v2\/categories?post=8236"},{"taxonomy":"post_tag","embeddable":true,"href":"https:\/\/migracao.redenoticia.com.br\/noticia\/wp-json\/wp\/v2\/tags?post=8236"}],"curies":[{"name":"wp","href":"https:\/\/api.w.org\/{rel}","templated":true}]}}