{"id":82367,"date":"2016-03-14T15:25:02","date_gmt":"2016-03-14T18:25:02","guid":{"rendered":"http:\/\/www.redenoticia.com.br\/noticia\/?p=82367"},"modified":"2016-03-14T17:27:03","modified_gmt":"2016-03-14T20:27:03","slug":"novela-cuidado-com-o-anjo-resumo-1503-malu-perdoa-cecilia","status":"publish","type":"post","link":"https:\/\/migracao.redenoticia.com.br\/noticia\/2016\/novela-cuidado-com-o-anjo-resumo-1503-malu-perdoa-cecilia\/82367","title":{"rendered":"Novela \u201cCuidado com o Anjo\u201d resumo 15\/03: Estef\u00e2nia oferece apoio a Cec\u00edlia"},"content":{"rendered":"<p> <img loading=\"lazy\" decoding=\"async\" class=\"alignleft size-thumbnail wp-image-82049\" src=\"https:\/\/migracao.redenoticia.com.br\/noticia\/imagens\/cuidado-com-o-anjo-novela-resumo-capitulo-sbt-episodio-150x112.jpg\" alt=\"cuidado com o anjo novela resumo capitulo sbt episodio\" width=\"150\" height=\"112\" srcset=\"https:\/\/migracao.redenoticia.com.br\/noticia\/imagens\/cuidado-com-o-anjo-novela-resumo-capitulo-sbt-episodio-150x112.jpg 150w, https:\/\/migracao.redenoticia.com.br\/noticia\/imagens\/cuidado-com-o-anjo-novela-resumo-capitulo-sbt-episodio-265x198.jpg 265w\" sizes=\"auto, (max-width: 150px) 100vw, 150px\" \/><strong><em>Novela \u201cCuidado com o Anjo\u201d resumo 15\/03<\/em><\/strong>: Cec\u00edlia est\u00e1 feliz, pois Mal\u00fa j\u00e1 a v\u00ea como m\u00e3e. No capitulo 077, ter\u00e7a-feira, 15 de mar\u00e7o, est\u00e1 prevista uma cena (*) onde Patr\u00edcio fica aliviado com a felicidade de Cec\u00edlia, mas deixa claro que ir\u00e1 embora para sempre se ela insistir em trazer Malu para viver com eles na mans\u00e3o. Enquanto isso, Mal\u00fa diz a Candel\u00e1ria que nunca poder\u00e1 perdoar seu pai. Estef\u00e2nia diz a Isabela que precisam fazer alguma coisa para impedir que Mal\u00fa v\u00e1 morar na casa dos Velarde, finge arrependimento e oferece seu apoio a Cec\u00edlia para convencer Patr\u00edcio a aceitar a filha.<\/p>\n<p>No capitulo 077, novela \u201cCuidado com o Anjo\u201d, ter\u00e7a-feira, 15 de mar\u00e7o &#8211; Cec\u00edlia est\u00e1 feliz, pois Mal\u00fa j\u00e1 a v\u00ea como m\u00e3e, mas Patr\u00edcio deixa claro que ir\u00e1 embora para sempre se ela insistir em traz\u00ea-la para viver com eles na mans\u00e3o. Mal\u00fa conta para Leopardo que Branca est\u00e1 internada em estado grave. Candel\u00e1ria conta a Amador o que aconteceu na noite anterior por causa de Ivete. Israel comunica a Estef\u00e2nia que j\u00e1 n\u00e3o pretende se casar com ela. Mal\u00fa diz a Candel\u00e1ria que nunca poder\u00e1 perdoar seu pai. Mal\u00fa vai ao hospital visitar Branca.\u00a0Estef\u00e2nia diz a Isabela que precisam fazer alguma coisa para impedir que Mal\u00fa v\u00e1 morar na casa dos Velarde. Mal\u00fa questiona Branca e exige que ela diga quem \u00e9 na realidade. Elza se despede de Beatriz e deseja a ela felicidade no casamento. <\/p>\n<p>Mal\u00fa previne Branca e diz que, se ela n\u00e3o contar a verdade a Jo\u00e3o Miguel sobre Leopardo e Ivete, ela o far\u00e1. Cec\u00edlia teme que Mal\u00fa n\u00e3o volte a procur\u00e1-la por causa da atitude de Patr\u00edcio. Mal\u00fa diz a Branca que n\u00e3o vai permitir que Ivete prejudique Jo\u00e3o Miguel como fez com Leopardo. Jo\u00e3o Miguel diz a Mal\u00fa que ainda a ama. Estef\u00e2nia oferece seu apoio a Cec\u00edlia para convencer Patr\u00edcio a aceitar a filha. Mal\u00fa diz a Leopardo que Branca j\u00e1 est\u00e1 fora de perigo. O rapaz pede a Mal\u00fa que v\u00e1 embora com ele para longe de Jo\u00e3o Miguel e Ivete. <\/p>\n<p>Estef\u00e2nia conta a Rosa que j\u00e1 n\u00e3o vai se casar com Israel, mas omite que foi ele quem desistiu do compromisso. Rosa convida Of\u00e9lia para seu casamento e avisa que Branca estar\u00e1 presente. Mal\u00fa n\u00e3o aceita a proposta de Leopardo. Candel\u00e1ria diz que ela quer estar perto de Jo\u00e3o Miguel. Jo\u00e3o Miguel fica sabendo que Mal\u00fa perdoou a m\u00e3e e aconselha Patr\u00edcio a se aproximar da filha. Candel\u00e1ria comenta com Olga que pode acontecer algo desagrad\u00e1vel no casamento de Rosa e Vicente, pois Jo\u00e3o Miguel e Leopardo estar\u00e3o presentes. Branca lembra que Leopardo esteve no hospital e a chamou de Ivete e, desesperada, ela chama por ele e pede que a salve. <\/p>\n<p>(*) edi\u00e7\u00e3o do SBT, Novela \u201cCuidado com o Anjo\u201d, sujeito a altera\u00e7\u00e3o de data e conte\u00fado.<\/p>\n","protected":false},"excerpt":{"rendered":"<p>Novela \u201cCuidado com o Anjo\u201d resumo 15\/03: Cec\u00edlia est\u00e1 feliz, pois Mal\u00fa j\u00e1 a v\u00ea como m\u00e3e. No capitulo 077, ter\u00e7a-feira, 15 de mar\u00e7o, est\u00e1 prevista uma cena (*) onde Patr\u00edcio fica aliviado com a felicidade de Cec\u00edlia, mas deixa claro que ir\u00e1 embora para sempre se ela insistir em trazer Malu para viver com [&hellip;]<\/p>\n","protected":false},"author":2,"featured_media":82049,"comment_status":"open","ping_status":"closed","sticky":false,"template":"","format":"standard","meta":{"tdm_status":"","tdm_grid_status":"","footnotes":""},"categories":[379,372,343],"tags":[],"class_list":{"0":"post-82367","1":"post","2":"type-post","3":"status-publish","4":"format-standard","5":"has-post-thumbnail","7":"category-novelas","8":"category-sbt","9":"category-televisao"},"_links":{"self":[{"href":"https:\/\/migracao.redenoticia.com.br\/noticia\/wp-json\/wp\/v2\/posts\/82367","targetHints":{"allow":["GET"]}}],"collection":[{"href":"https:\/\/migracao.redenoticia.com.br\/noticia\/wp-json\/wp\/v2\/posts"}],"about":[{"href":"https:\/\/migracao.redenoticia.com.br\/noticia\/wp-json\/wp\/v2\/types\/post"}],"author":[{"embeddable":true,"href":"https:\/\/migracao.redenoticia.com.br\/noticia\/wp-json\/wp\/v2\/users\/2"}],"replies":[{"embeddable":true,"href":"https:\/\/migracao.redenoticia.com.br\/noticia\/wp-json\/wp\/v2\/comments?post=82367"}],"version-history":[{"count":0,"href":"https:\/\/migracao.redenoticia.com.br\/noticia\/wp-json\/wp\/v2\/posts\/82367\/revisions"}],"wp:featuredmedia":[{"embeddable":true,"href":"https:\/\/migracao.redenoticia.com.br\/noticia\/wp-json\/wp\/v2\/media\/82049"}],"wp:attachment":[{"href":"https:\/\/migracao.redenoticia.com.br\/noticia\/wp-json\/wp\/v2\/media?parent=82367"}],"wp:term":[{"taxonomy":"category","embeddable":true,"href":"https:\/\/migracao.redenoticia.com.br\/noticia\/wp-json\/wp\/v2\/categories?post=82367"},{"taxonomy":"post_tag","embeddable":true,"href":"https:\/\/migracao.redenoticia.com.br\/noticia\/wp-json\/wp\/v2\/tags?post=82367"}],"curies":[{"name":"wp","href":"https:\/\/api.w.org\/{rel}","templated":true}]}}