{"id":82371,"date":"2016-03-14T15:32:27","date_gmt":"2016-03-14T18:32:27","guid":{"rendered":"http:\/\/www.redenoticia.com.br\/noticia\/?p=82371"},"modified":"2016-03-14T15:32:27","modified_gmt":"2016-03-14T18:32:27","slug":"novela-meu-coracao-e-teu-resumo-1503-fernando-nao-esquece-beijo-de-ana","status":"publish","type":"post","link":"https:\/\/migracao.redenoticia.com.br\/noticia\/2016\/novela-meu-coracao-e-teu-resumo-1503-fernando-nao-esquece-beijo-de-ana\/82371","title":{"rendered":"Novela \u201cMeu Cora\u00e7\u00e3o \u00e9 Teu\u201d resumo 15\/03: Fernando n\u00e3o esquece beijo de Ana"},"content":{"rendered":"<p> <img loading=\"lazy\" decoding=\"async\" class=\"alignleft size-thumbnail wp-image-82119\" src=\"https:\/\/migracao.redenoticia.com.br\/noticia\/imagens\/meu_coracao_e_teu_novela_resumo_sbt-150x112.jpg\" alt=\"meu_coracao_e_teu_novela_resumo_sbt\" width=\"150\" height=\"112\" srcset=\"https:\/\/migracao.redenoticia.com.br\/noticia\/imagens\/meu_coracao_e_teu_novela_resumo_sbt-150x112.jpg 150w, https:\/\/migracao.redenoticia.com.br\/noticia\/imagens\/meu_coracao_e_teu_novela_resumo_sbt-265x198.jpg 265w\" sizes=\"auto, (max-width: 150px) 100vw, 150px\" \/><strong><em>Novela \u201cMeu Cora\u00e7\u00e3o \u00e9 Teu\u201d resumo 15\/03<\/em><\/strong>: Fernando confessa a Isabela que sente falta de Fanny. No cap\u00edtulo 012, ter\u00e7a-feira, 15 de mar\u00e7o est\u00e1 prevista uma cena (*) onde Fernando diz a Bruno e Nicolas que est\u00e1 se sentindo muito confuso, pois passou uma noite com Isabela, mas n\u00e3o foi capaz de esquecer o beijo que deu em Ana. No pr\u00f3ximo cap\u00edtulo, Jonnhy, Ana e Fernando se encontram no mesmo restaurante. Eles se cumprimentam e Jonnhy diz a Fernando que Ana \u00e9 sua namorada.<\/p>\n<p>No capitulo 012, novela \u201cMeu Cora\u00e7\u00e3o \u00e9 Teu\u201d, ter\u00e7a-feira, 15 de mar\u00e7o &#8211; Ana diz a Fernando que ele deve estar mais aberto a entender seus filhos. Natalia discute com Diego, e ele termina a beijando. Nando conta a Helena que Fanny brigou com seu pai e saiu de casa. Helena diz a Nando que ele poderia ir com ela a uma festa, caso a ajude com outro trabalho da escola. Isabela vai buscar Fanny na casa de Leon. Ana d\u00e1 conselhos a Manuela sobre como ela poderia fazer para ganhar Bruno. Fanny exige a Isabela que v\u00e1 embora e n\u00e3o volte a se meter em sua vida. Fernando tenta falar com Fanny por telefone. Fernando confessa a Isabela que se isolou no trabalho na tentativa de esquecer sua falecida esposa.<\/p>\n<p>Fanny se recorda da despedida de sua m\u00e3e e chora. Manuela ignora Bruno e ele se desconcerta. Nando faz uma aposta com Jaime e Andr\u00e9 de que Helena ir\u00e1 com ele a festa. Fernando garante a Leon que sua inten\u00e7\u00e3o nunca foi menosprez\u00e1-lo. Leon garante a Fernando que tentar\u00e1 convencer Fanny a falar com ele. Fanny aceita ver Ana. Enquanto isso as crian\u00e7as pegam um t\u00e1xi para ir visitar Fanny. Fernando diz a Ana que o que ocorreu entre eles no dia anterior foi um grande erro. Fernando confessa a Isabela que sente falta de Fanny. Fernando fala com Nando. Ana v\u00ea Jonnhy e o confessa que j\u00e1 n\u00e3o o ama mais. Ele responde de uma forma grosseira, mas Jennifer a defende.<\/p>\n<p>Ana diz a Jennifer que Fernando a beijou e que est\u00e1 apaixonada por ele, mas lhe doeu muito quando ele disse que esse beijo foi um erro. Fernando diz a Bruno e Nicolas que est\u00e1 se sentindo muito confuso, pois passou uma noite com Isabela, mas n\u00e3o foi capaz de esquecer o beijo que deu em Ana. As crian\u00e7as fogem de casa e v\u00e3o visitar Fanny. Ana percebe a fuga dos pequenos e os faz prometer que nunca mais far\u00e3o isso, pois eles se colocaram em perigo. Ana pede a Fanny que v\u00e1 embora com eles, mas ela n\u00e3o aceita. Ana faz todo o poss\u00edvel para evitar que Fernando descubra o que as crian\u00e7as fizeram, mas a \u201cescapada\u201d das crian\u00e7as vem \u00e0 tona e eles acabam tendo que contar tudo a Fernando.<\/p>\n<p>(*) edi\u00e7\u00e3o do SBT, Novela \u201cMeu Cora\u00e7\u00e3o \u00e9 Teu\u201d, sujeito a altera\u00e7\u00e3o de data e conte\u00fado. <\/p>\n","protected":false},"excerpt":{"rendered":"<p>Novela \u201cMeu Cora\u00e7\u00e3o \u00e9 Teu\u201d resumo 15\/03: Fernando confessa a Isabela que sente falta de Fanny. No cap\u00edtulo 012, ter\u00e7a-feira, 15 de mar\u00e7o est\u00e1 prevista uma cena (*) onde Fernando diz a Bruno e Nicolas que est\u00e1 se sentindo muito confuso, pois passou uma noite com Isabela, mas n\u00e3o foi capaz de esquecer o beijo [&hellip;]<\/p>\n","protected":false},"author":2,"featured_media":82119,"comment_status":"open","ping_status":"closed","sticky":false,"template":"","format":"standard","meta":{"tdm_status":"","tdm_grid_status":"","footnotes":""},"categories":[379,372,343],"tags":[],"class_list":{"0":"post-82371","1":"post","2":"type-post","3":"status-publish","4":"format-standard","5":"has-post-thumbnail","7":"category-novelas","8":"category-sbt","9":"category-televisao"},"_links":{"self":[{"href":"https:\/\/migracao.redenoticia.com.br\/noticia\/wp-json\/wp\/v2\/posts\/82371","targetHints":{"allow":["GET"]}}],"collection":[{"href":"https:\/\/migracao.redenoticia.com.br\/noticia\/wp-json\/wp\/v2\/posts"}],"about":[{"href":"https:\/\/migracao.redenoticia.com.br\/noticia\/wp-json\/wp\/v2\/types\/post"}],"author":[{"embeddable":true,"href":"https:\/\/migracao.redenoticia.com.br\/noticia\/wp-json\/wp\/v2\/users\/2"}],"replies":[{"embeddable":true,"href":"https:\/\/migracao.redenoticia.com.br\/noticia\/wp-json\/wp\/v2\/comments?post=82371"}],"version-history":[{"count":0,"href":"https:\/\/migracao.redenoticia.com.br\/noticia\/wp-json\/wp\/v2\/posts\/82371\/revisions"}],"wp:featuredmedia":[{"embeddable":true,"href":"https:\/\/migracao.redenoticia.com.br\/noticia\/wp-json\/wp\/v2\/media\/82119"}],"wp:attachment":[{"href":"https:\/\/migracao.redenoticia.com.br\/noticia\/wp-json\/wp\/v2\/media?parent=82371"}],"wp:term":[{"taxonomy":"category","embeddable":true,"href":"https:\/\/migracao.redenoticia.com.br\/noticia\/wp-json\/wp\/v2\/categories?post=82371"},{"taxonomy":"post_tag","embeddable":true,"href":"https:\/\/migracao.redenoticia.com.br\/noticia\/wp-json\/wp\/v2\/tags?post=82371"}],"curies":[{"name":"wp","href":"https:\/\/api.w.org\/{rel}","templated":true}]}}