{"id":82375,"date":"2016-03-14T15:37:56","date_gmt":"2016-03-14T18:37:56","guid":{"rendered":"http:\/\/www.redenoticia.com.br\/noticia\/?p=82375"},"modified":"2016-03-14T15:37:56","modified_gmt":"2016-03-14T18:37:56","slug":"novela-carrossel-resumo-1503-cirilo-se-fantasia-de-elvis","status":"publish","type":"post","link":"https:\/\/migracao.redenoticia.com.br\/noticia\/2016\/novela-carrossel-resumo-1503-cirilo-se-fantasia-de-elvis\/82375","title":{"rendered":"Novela \u201cCarrossel\u201d resumo 15\/03: Cirilo se fantasia de Elvis"},"content":{"rendered":"<p> <img loading=\"lazy\" decoding=\"async\" class=\"alignleft size-thumbnail wp-image-82147\" src=\"https:\/\/migracao.redenoticia.com.br\/noticia\/imagens\/Carrossel_resumo_novela_sbt-150x112.jpg\" alt=\"Carrossel_resumo_novela_sbt\" width=\"150\" height=\"112\" srcset=\"https:\/\/migracao.redenoticia.com.br\/noticia\/imagens\/Carrossel_resumo_novela_sbt-150x112.jpg 150w, https:\/\/migracao.redenoticia.com.br\/noticia\/imagens\/Carrossel_resumo_novela_sbt-265x198.jpg 265w\" sizes=\"auto, (max-width: 150px) 100vw, 150px\" \/><strong><em>Novela \u201cCarrossel\u201d resumo 15\/03<\/em><\/strong>: Na festa a fantasia, Cirilo \u00e9 o grande destaque. No cap\u00edtulo 263, ter\u00e7a-feira, 15 de mar\u00e7o est\u00e1 prevista uma cena (*) onde Cirilo fica preocupado em n\u00e3o saber dan\u00e7ar com Maria Joaquina e n\u00e3o sabe se entra ou n\u00e3o na festa. Ele decide entrar. Cirilo est\u00e1 fantasiado de Elvis e dan\u00e7a como ele. Maria Joaquina vai ao del\u00edrio. Todos elogiam sua fantasia.<\/p>\n<p>No capitulo 263, novela \u201cCarrossel\u201d, ter\u00e7a-feira, 15 de mar\u00e7o &#8211; Todas as crian\u00e7as est\u00e3o fantasiadas e v\u00e3o para a festa. Jaime vai vestido de frango assado e tira risadas de seu pai, Rafael. Cirilo est\u00e1 fantasiado de Elvis Presley.<\/p>\n<p>Marcelina, de Monalisa, e Laura, de Chapeuzinho Vermelho. Val\u00e9ria e Davi v\u00e3o fantasiados de Barbie e Ken. Ren\u00ea vai fantasiado de Deus Grego, e Helena, de Cle\u00f3patra. A festa est\u00e1 muito animada, menos para Cirilo que est\u00e1 preocupado em n\u00e3o saber dan\u00e7ar com Maria Joaquina.<\/p>\n<p>Indeciso em entre ir ou n\u00e3o na festa, ele decide entrar. Cirilo fantasia que dan\u00e7a como Elvis e Maria Joaquina vai ao del\u00edrio. Na verdade, assim que Cirilo entra, ele para a festa. Todos elogiam sua fantasia.<\/p>\n<p>(*) edi\u00e7\u00e3o do SBT, Novela \u201cCarrossel\u201d, sujeito a altera\u00e7\u00e3o de data e conte\u00fado.<\/p>\n","protected":false},"excerpt":{"rendered":"<p>Novela \u201cCarrossel\u201d resumo 15\/03: Na festa a fantasia, Cirilo \u00e9 o grande destaque. No cap\u00edtulo 263, ter\u00e7a-feira, 15 de mar\u00e7o est\u00e1 prevista uma cena (*) onde Cirilo fica preocupado em n\u00e3o saber dan\u00e7ar com Maria Joaquina e n\u00e3o sabe se entra ou n\u00e3o na festa. Ele decide entrar. Cirilo est\u00e1 fantasiado de Elvis e dan\u00e7a [&hellip;]<\/p>\n","protected":false},"author":2,"featured_media":82147,"comment_status":"open","ping_status":"closed","sticky":false,"template":"","format":"standard","meta":{"tdm_status":"","tdm_grid_status":"","footnotes":""},"categories":[379,372,343],"tags":[],"class_list":{"0":"post-82375","1":"post","2":"type-post","3":"status-publish","4":"format-standard","5":"has-post-thumbnail","7":"category-novelas","8":"category-sbt","9":"category-televisao"},"_links":{"self":[{"href":"https:\/\/migracao.redenoticia.com.br\/noticia\/wp-json\/wp\/v2\/posts\/82375","targetHints":{"allow":["GET"]}}],"collection":[{"href":"https:\/\/migracao.redenoticia.com.br\/noticia\/wp-json\/wp\/v2\/posts"}],"about":[{"href":"https:\/\/migracao.redenoticia.com.br\/noticia\/wp-json\/wp\/v2\/types\/post"}],"author":[{"embeddable":true,"href":"https:\/\/migracao.redenoticia.com.br\/noticia\/wp-json\/wp\/v2\/users\/2"}],"replies":[{"embeddable":true,"href":"https:\/\/migracao.redenoticia.com.br\/noticia\/wp-json\/wp\/v2\/comments?post=82375"}],"version-history":[{"count":0,"href":"https:\/\/migracao.redenoticia.com.br\/noticia\/wp-json\/wp\/v2\/posts\/82375\/revisions"}],"wp:featuredmedia":[{"embeddable":true,"href":"https:\/\/migracao.redenoticia.com.br\/noticia\/wp-json\/wp\/v2\/media\/82147"}],"wp:attachment":[{"href":"https:\/\/migracao.redenoticia.com.br\/noticia\/wp-json\/wp\/v2\/media?parent=82375"}],"wp:term":[{"taxonomy":"category","embeddable":true,"href":"https:\/\/migracao.redenoticia.com.br\/noticia\/wp-json\/wp\/v2\/categories?post=82375"},{"taxonomy":"post_tag","embeddable":true,"href":"https:\/\/migracao.redenoticia.com.br\/noticia\/wp-json\/wp\/v2\/tags?post=82375"}],"curies":[{"name":"wp","href":"https:\/\/api.w.org\/{rel}","templated":true}]}}