{"id":8238,"date":"2009-08-11T15:09:19","date_gmt":"2009-08-11T19:09:19","guid":{"rendered":"http:\/\/www.redenoticia.com.br\/noticia\/?p=8238"},"modified":"2009-08-11T15:09:19","modified_gmt":"2009-08-11T19:09:19","slug":"previsao-do-tempo-indica-que-sol-volta-a-predominar-em-sao-paulo-amanha","status":"publish","type":"post","link":"https:\/\/migracao.redenoticia.com.br\/noticia\/2009\/previsao-do-tempo-indica-que-sol-volta-a-predominar-em-sao-paulo-amanha\/8238","title":{"rendered":"Previs\u00e3o do tempo indica que sol volta a predominar em S\u00e3o Paulo amanh\u00e3"},"content":{"rendered":"<p>Previs\u00e3o do tempo &#8211; A frente fria que avan\u00e7a pelo Sudeste do Pa\u00eds nesta ter\u00e7a-feira provoca chuvas fracas e decl\u00ednio acentuado da temperatura em toda a faixa leste de S\u00e3o Paulo, Rio de Janeiro, centro e sul do Esp\u00edrito Santo e centro, leste e sul de Minas Gerais. Ap\u00f3s recordes de calor no inverno, a m\u00e1xima n\u00e3o passa dos 20\u00b0C em v\u00e1rias cidades da Regi\u00e3o hoje. A previs\u00e3o do tempo indica que sol volta a predominar na capital S\u00e3o Paulo amanh\u00e3.<\/p>\n<p>A ter\u00e7a-feira come\u00e7ou com muita nebulosidade, garoa e temperaturas baixas entre a Capital e o litoral paulista. Por conta dos ventos, a sensa\u00e7\u00e3o t\u00e9rmica chegou a 8\u00b0C na cidade de S\u00e3o Paulo. No decorrer do dia, a grande cobertura de nuvens n\u00e3o deixa a temperatura subir muito e a m\u00e1xima fica na casa dos 17\u00b0C na Capital. S\u00e3o previstas apenas chuvas fracas e isoladas, alternadas com per\u00edodos de melhoria, quando o sol pode aparecer nesta tarde de forma r\u00e1pida e entre muitas nuvens.\u00a0<\/p>\n<p>De acordo com a previs\u00e3o dos meteorologistas da Somar, amanh\u00e3 o sol volta a predominar em boa parte do Estado de S\u00e3o Paulo e a sensa\u00e7\u00e3o t\u00e9rmica ser\u00e1 mais agrad\u00e1vel na faixa leste paulista e de calor no interior. Apenas em parte do vale do Ribeira ainda h\u00e1 previs\u00e3o de chuvas fracas associadas com os ventos \u00famidos que sopram do mar, especialmente nas primeiras horas da manh\u00e3.<\/p>\n","protected":false},"excerpt":{"rendered":"<p>Previs\u00e3o do tempo &#8211; A frente fria que avan\u00e7a pelo Sudeste do Pa\u00eds nesta ter\u00e7a-feira provoca chuvas fracas e decl\u00ednio acentuado da temperatura em toda a faixa leste de S\u00e3o Paulo, Rio de Janeiro, centro e sul do Esp\u00edrito Santo e centro, leste e sul de Minas Gerais. Ap\u00f3s recordes de calor no inverno, a [&hellip;]<\/p>\n","protected":false},"author":3,"featured_media":0,"comment_status":"open","ping_status":"open","sticky":false,"template":"","format":"standard","meta":{"tdm_status":"","tdm_grid_status":"","footnotes":""},"categories":[22,327],"tags":[],"class_list":{"0":"post-8238","1":"post","2":"type-post","3":"status-publish","4":"format-standard","6":"category-brasil","7":"category-clima"},"_links":{"self":[{"href":"https:\/\/migracao.redenoticia.com.br\/noticia\/wp-json\/wp\/v2\/posts\/8238","targetHints":{"allow":["GET"]}}],"collection":[{"href":"https:\/\/migracao.redenoticia.com.br\/noticia\/wp-json\/wp\/v2\/posts"}],"about":[{"href":"https:\/\/migracao.redenoticia.com.br\/noticia\/wp-json\/wp\/v2\/types\/post"}],"author":[{"embeddable":true,"href":"https:\/\/migracao.redenoticia.com.br\/noticia\/wp-json\/wp\/v2\/users\/3"}],"replies":[{"embeddable":true,"href":"https:\/\/migracao.redenoticia.com.br\/noticia\/wp-json\/wp\/v2\/comments?post=8238"}],"version-history":[{"count":0,"href":"https:\/\/migracao.redenoticia.com.br\/noticia\/wp-json\/wp\/v2\/posts\/8238\/revisions"}],"wp:attachment":[{"href":"https:\/\/migracao.redenoticia.com.br\/noticia\/wp-json\/wp\/v2\/media?parent=8238"}],"wp:term":[{"taxonomy":"category","embeddable":true,"href":"https:\/\/migracao.redenoticia.com.br\/noticia\/wp-json\/wp\/v2\/categories?post=8238"},{"taxonomy":"post_tag","embeddable":true,"href":"https:\/\/migracao.redenoticia.com.br\/noticia\/wp-json\/wp\/v2\/tags?post=8238"}],"curies":[{"name":"wp","href":"https:\/\/api.w.org\/{rel}","templated":true}]}}