{"id":82383,"date":"2016-03-14T16:36:53","date_gmt":"2016-03-14T19:36:53","guid":{"rendered":"http:\/\/www.redenoticia.com.br\/noticia\/?p=82383"},"modified":"2016-03-14T16:36:53","modified_gmt":"2016-03-14T19:36:53","slug":"novela-malhacao-resumo-1503-samurai-passa-informacoes-de-pedro-para-tito","status":"publish","type":"post","link":"https:\/\/migracao.redenoticia.com.br\/noticia\/2016\/novela-malhacao-resumo-1503-samurai-passa-informacoes-de-pedro-para-tito\/82383","title":{"rendered":"Novela \u201cMalha\u00e7\u00e3o\u201d resumo 15\/03: Samurai passa informa\u00e7\u00f5es de Pedro para Tito"},"content":{"rendered":"<p> <img loading=\"lazy\" decoding=\"async\" class=\"alignleft size-thumbnail wp-image-72511\" src=\"https:\/\/migracao.redenoticia.com.br\/noticia\/imagens\/malhacao_seu_lugar_no_mundo-150x112.jpg\" alt=\"malhacao_seu_lugar_no_mundo\" width=\"150\" height=\"112\" srcset=\"https:\/\/migracao.redenoticia.com.br\/noticia\/imagens\/malhacao_seu_lugar_no_mundo-150x112.jpg 150w, https:\/\/migracao.redenoticia.com.br\/noticia\/imagens\/malhacao_seu_lugar_no_mundo-265x198.jpg 265w\" sizes=\"auto, (max-width: 150px) 100vw, 150px\" \/><strong><em>Novela \u201cMalha\u00e7\u00e3o\u201d resumo 15\/03<\/em><\/strong>: Tito fica intrigado com Samurai. No cap\u00edtulo 151, ter\u00e7a-feira, 15 de mar\u00e7o est\u00e1 prevista uma cena (*) onde Samurai passa algumas informa\u00e7\u00f5es sobre Pedro para Tito. Ele fica intrigado, mas acaba convencido de que seu irm\u00e3o n\u00e3o se encontra na comunidade. No pr\u00f3ximo cap\u00edtulo, Luan se oferece para acompanhar Tito na conversa com o menino que disse ter visto Pedro na comunidade.<\/p>\n<p>No capitulo 151, novela \u201cMalha\u00e7\u00e3o\u201d, ter\u00e7a-feira, 15 de mar\u00e7o &#8211; Rodrigo e Luciana discutem por ci\u00fames. Alina e Uodson planejam suas despedidas de solteiro, e Monique e Vanda se preocupam. L\u00edvia se incomoda com a proximidade entre Beto e Vera.<\/p>\n<p>Tito fica intrigado com as informa\u00e7\u00f5es de Samurai sobre Pedro, mas acaba convencido de que o irm\u00e3o n\u00e3o est\u00e1 na comunidade. Nanda pede que Filipe a ensine a dirigir. J\u00falia arma um plano para se vingar da invas\u00e3o de privacidade de Arthur.<\/p>\n<p>Ilza pede que Tito tome cuidado na busca por Pedro. Krica e Martinha prop\u00f5em aprender dan\u00e7a de sal\u00e3o com Cleiton e Glauco. Alina diz a Uodson que deseja um anel de noivado. Rodrigo confronta Tito por causa de Luciana.<\/p>\n<p>(*) edi\u00e7\u00e3o da Rede Globo, Novela \u201cMalha\u00e7\u00e3o\u201d, sujeito a altera\u00e7\u00e3o de data e conte\u00fado.<\/p>\n","protected":false},"excerpt":{"rendered":"<p>Novela \u201cMalha\u00e7\u00e3o\u201d resumo 15\/03: Tito fica intrigado com Samurai. No cap\u00edtulo 151, ter\u00e7a-feira, 15 de mar\u00e7o est\u00e1 prevista uma cena (*) onde Samurai passa algumas informa\u00e7\u00f5es sobre Pedro para Tito. Ele fica intrigado, mas acaba convencido de que seu irm\u00e3o n\u00e3o se encontra na comunidade. No pr\u00f3ximo cap\u00edtulo, Luan se oferece para acompanhar Tito na [&hellip;]<\/p>\n","protected":false},"author":2,"featured_media":72511,"comment_status":"open","ping_status":"closed","sticky":false,"template":"","format":"standard","meta":{"tdm_status":"","tdm_grid_status":"","footnotes":""},"categories":[379,375,343],"tags":[],"class_list":{"0":"post-82383","1":"post","2":"type-post","3":"status-publish","4":"format-standard","5":"has-post-thumbnail","7":"category-novelas","8":"category-rede-globo","9":"category-televisao"},"_links":{"self":[{"href":"https:\/\/migracao.redenoticia.com.br\/noticia\/wp-json\/wp\/v2\/posts\/82383","targetHints":{"allow":["GET"]}}],"collection":[{"href":"https:\/\/migracao.redenoticia.com.br\/noticia\/wp-json\/wp\/v2\/posts"}],"about":[{"href":"https:\/\/migracao.redenoticia.com.br\/noticia\/wp-json\/wp\/v2\/types\/post"}],"author":[{"embeddable":true,"href":"https:\/\/migracao.redenoticia.com.br\/noticia\/wp-json\/wp\/v2\/users\/2"}],"replies":[{"embeddable":true,"href":"https:\/\/migracao.redenoticia.com.br\/noticia\/wp-json\/wp\/v2\/comments?post=82383"}],"version-history":[{"count":0,"href":"https:\/\/migracao.redenoticia.com.br\/noticia\/wp-json\/wp\/v2\/posts\/82383\/revisions"}],"wp:featuredmedia":[{"embeddable":true,"href":"https:\/\/migracao.redenoticia.com.br\/noticia\/wp-json\/wp\/v2\/media\/72511"}],"wp:attachment":[{"href":"https:\/\/migracao.redenoticia.com.br\/noticia\/wp-json\/wp\/v2\/media?parent=82383"}],"wp:term":[{"taxonomy":"category","embeddable":true,"href":"https:\/\/migracao.redenoticia.com.br\/noticia\/wp-json\/wp\/v2\/categories?post=82383"},{"taxonomy":"post_tag","embeddable":true,"href":"https:\/\/migracao.redenoticia.com.br\/noticia\/wp-json\/wp\/v2\/tags?post=82383"}],"curies":[{"name":"wp","href":"https:\/\/api.w.org\/{rel}","templated":true}]}}