{"id":82385,"date":"2016-03-14T16:43:05","date_gmt":"2016-03-14T19:43:05","guid":{"rendered":"http:\/\/www.redenoticia.com.br\/noticia\/?p=82385"},"modified":"2016-03-14T16:43:05","modified_gmt":"2016-03-14T19:43:05","slug":"novela-eta-mundo-bom-resumo-1503-ana-discute-com-severo-e-passa-mal","status":"publish","type":"post","link":"https:\/\/migracao.redenoticia.com.br\/noticia\/2016\/novela-eta-mundo-bom-resumo-1503-ana-discute-com-severo-e-passa-mal\/82385","title":{"rendered":"Novela \u201cEta Mundo Bom\u201d resumo 15\/03: Ana discute com Severo e passa mal"},"content":{"rendered":"<p> <img loading=\"lazy\" decoding=\"async\" class=\"alignleft size-thumbnail wp-image-82131\" src=\"https:\/\/migracao.redenoticia.com.br\/noticia\/imagens\/eta_mundo_bom_globo_novela_resumo-150x112.jpg\" alt=\"eta_mundo_bom_globo_novela_resumo\" width=\"150\" height=\"112\" srcset=\"https:\/\/migracao.redenoticia.com.br\/noticia\/imagens\/eta_mundo_bom_globo_novela_resumo-150x112.jpg 150w, https:\/\/migracao.redenoticia.com.br\/noticia\/imagens\/eta_mundo_bom_globo_novela_resumo-265x198.jpg 265w\" sizes=\"auto, (max-width: 150px) 100vw, 150px\" \/><strong><em>Novela \u201cEta Mundo Bom\u201d resumo 15\/03<\/em><\/strong>: Ana discute com Severo. No cap\u00edtulo 050, ter\u00e7a-feira, 15 de mar\u00e7o est\u00e1 prevista uma cena (*) onde Ana discute com Severo e passa mal. Ela \u00e9 levada para o hospital e atendida imediatamente. Maria fica preocupada com o estado de sa\u00fade da m\u00e3e e, inconformada, confronta seu pai. No pr\u00f3ximo cap\u00edtulo, Severo se recusa pagar as despesas de Ana, mas Anast\u00e1cia mostra sua bondade mais uma vez e se oferece para arcar com os custos do tratamento..<\/p>\n<p>No capitulo 050, novela \u201cEta Mundo Bom\u201d, ter\u00e7a-feira, 15 de mar\u00e7o &#8211; Sandra diz para Anast\u00e1cia que presentear\u00e1 a tia com um retrato e que as duas selecionar\u00e3o o artista juntas. Paulina e Clarice comentam com Filomena sobre a aus\u00eancia de Ernesto. Diana pede dinheiro a Severo.<\/p>\n<p>Maria tem alta do hospital e Celso a acompanha at\u00e9 a mans\u00e3o de Anast\u00e1cia. Romeu compra um carro de luxo para ir \u00e0 fazenda. Eponina aceita casar com In\u00e1cio para saldar as d\u00edvidas da fam\u00edlia.<\/p>\n<p>Celso viaja a Piracema para conseguir a falsa certid\u00e3o de nascimento de Candinho. Ana enfrenta Severo e desmaia. No hospital, Maria confronta Severo.<\/p>\n<p>(*) edi\u00e7\u00e3o da Rede Globo, Novela \u201cEta Mundo Bom\u201d, sujeito a altera\u00e7\u00e3o de data e conte\u00fado.<\/p>\n","protected":false},"excerpt":{"rendered":"<p>Novela \u201cEta Mundo Bom\u201d resumo 15\/03: Ana discute com Severo. No cap\u00edtulo 050, ter\u00e7a-feira, 15 de mar\u00e7o est\u00e1 prevista uma cena (*) onde Ana discute com Severo e passa mal. Ela \u00e9 levada para o hospital e atendida imediatamente. Maria fica preocupada com o estado de sa\u00fade da m\u00e3e e, inconformada, confronta seu pai. No [&hellip;]<\/p>\n","protected":false},"author":2,"featured_media":82131,"comment_status":"open","ping_status":"closed","sticky":false,"template":"","format":"standard","meta":{"tdm_status":"","tdm_grid_status":"","footnotes":""},"categories":[379,375,343],"tags":[],"class_list":{"0":"post-82385","1":"post","2":"type-post","3":"status-publish","4":"format-standard","5":"has-post-thumbnail","7":"category-novelas","8":"category-rede-globo","9":"category-televisao"},"_links":{"self":[{"href":"https:\/\/migracao.redenoticia.com.br\/noticia\/wp-json\/wp\/v2\/posts\/82385","targetHints":{"allow":["GET"]}}],"collection":[{"href":"https:\/\/migracao.redenoticia.com.br\/noticia\/wp-json\/wp\/v2\/posts"}],"about":[{"href":"https:\/\/migracao.redenoticia.com.br\/noticia\/wp-json\/wp\/v2\/types\/post"}],"author":[{"embeddable":true,"href":"https:\/\/migracao.redenoticia.com.br\/noticia\/wp-json\/wp\/v2\/users\/2"}],"replies":[{"embeddable":true,"href":"https:\/\/migracao.redenoticia.com.br\/noticia\/wp-json\/wp\/v2\/comments?post=82385"}],"version-history":[{"count":0,"href":"https:\/\/migracao.redenoticia.com.br\/noticia\/wp-json\/wp\/v2\/posts\/82385\/revisions"}],"wp:featuredmedia":[{"embeddable":true,"href":"https:\/\/migracao.redenoticia.com.br\/noticia\/wp-json\/wp\/v2\/media\/82131"}],"wp:attachment":[{"href":"https:\/\/migracao.redenoticia.com.br\/noticia\/wp-json\/wp\/v2\/media?parent=82385"}],"wp:term":[{"taxonomy":"category","embeddable":true,"href":"https:\/\/migracao.redenoticia.com.br\/noticia\/wp-json\/wp\/v2\/categories?post=82385"},{"taxonomy":"post_tag","embeddable":true,"href":"https:\/\/migracao.redenoticia.com.br\/noticia\/wp-json\/wp\/v2\/tags?post=82385"}],"curies":[{"name":"wp","href":"https:\/\/api.w.org\/{rel}","templated":true}]}}