{"id":82389,"date":"2016-03-14T17:07:52","date_gmt":"2016-03-14T20:07:52","guid":{"rendered":"http:\/\/www.redenoticia.com.br\/noticia\/?p=82389"},"modified":"2016-03-14T17:07:52","modified_gmt":"2016-03-14T20:07:52","slug":"novela-totalmente-demais-resumo-1503-eliza-vence-o-concurso","status":"publish","type":"post","link":"https:\/\/migracao.redenoticia.com.br\/noticia\/2016\/novela-totalmente-demais-resumo-1503-eliza-vence-o-concurso\/82389","title":{"rendered":"Novela \u201cTotalmente Demais\u201d resumo 15\/03: Eliza vence o concurso"},"content":{"rendered":"<p><strong><em><img loading=\"lazy\" decoding=\"async\" class=\"alignleft size-thumbnail wp-image-76581\" src=\"https:\/\/migracao.redenoticia.com.br\/noticia\/imagens\/totalmente_demais_novela_resumo_globo-150x112.jpg\" alt=\"totalmente_demais_novela_resumo_globo\" width=\"150\" height=\"112\" srcset=\"https:\/\/migracao.redenoticia.com.br\/noticia\/imagens\/totalmente_demais_novela_resumo_globo-150x112.jpg 150w, https:\/\/migracao.redenoticia.com.br\/noticia\/imagens\/totalmente_demais_novela_resumo_globo-265x198.jpg 265w\" sizes=\"auto, (max-width: 150px) 100vw, 150px\" \/>Novela \u201cTotalmente Demais\u201d resumo 15\/03<\/em><\/strong>: Eliza vence o concurso Garota Totalmente Demais. No cap\u00edtulo 110, ter\u00e7a-feira, 15 de mar\u00e7o est\u00e1 prevista uma cena (*) onde sai o resultado final do concurso e Eliza \u00e9 a grande campe\u00e3. A garota fica emocionada e comemora com Arthur. Germano e Lili parabenizam Eliza. No pr\u00f3ximo cap\u00edtulo, Max anuncia que a vit\u00f3ria de Eliza ser\u00e1 comemorada no apartamento de Arthur.<\/p>\n<p>No capitulo 110, novela \u201cTotalmente Demais\u201d, ter\u00e7a-feira, 15 de mar\u00e7o &#8211; Montanha conta a Jeniffer que levou Cascudo ao m\u00e9dico. Wilson avisa a Montanha que Dur\u00e3o conseguiu fugir, deixando Ros\u00e2ngela preocupada com a possibilidade de ele querer se vingar do professor.<\/p>\n<p>Eliza vence o concurso Garota Totalmente Demais. Germano e Lili parabenizam Eliza. Germano confessa a Carolina que n\u00e3o conseguiu contar a Lili que \u00e9 pai de Eliza e decide procurar Gilda.<\/p>\n<p>Carolina pede para conversar com Lili.<\/p>\n<p>(*) edi\u00e7\u00e3o da Rede Globo, Novela \u201cTotalmente Demais\u201d, sujeito a altera\u00e7\u00e3o de data e conte\u00fado.<\/p>\n","protected":false},"excerpt":{"rendered":"<p>Novela \u201cTotalmente Demais\u201d resumo 15\/03: Eliza vence o concurso Garota Totalmente Demais. No cap\u00edtulo 110, ter\u00e7a-feira, 15 de mar\u00e7o est\u00e1 prevista uma cena (*) onde sai o resultado final do concurso e Eliza \u00e9 a grande campe\u00e3. A garota fica emocionada e comemora com Arthur. Germano e Lili parabenizam Eliza. No pr\u00f3ximo cap\u00edtulo, Max anuncia [&hellip;]<\/p>\n","protected":false},"author":2,"featured_media":76581,"comment_status":"open","ping_status":"closed","sticky":false,"template":"","format":"standard","meta":{"tdm_status":"","tdm_grid_status":"","footnotes":""},"categories":[379,375,343],"tags":[],"class_list":{"0":"post-82389","1":"post","2":"type-post","3":"status-publish","4":"format-standard","5":"has-post-thumbnail","7":"category-novelas","8":"category-rede-globo","9":"category-televisao"},"_links":{"self":[{"href":"https:\/\/migracao.redenoticia.com.br\/noticia\/wp-json\/wp\/v2\/posts\/82389","targetHints":{"allow":["GET"]}}],"collection":[{"href":"https:\/\/migracao.redenoticia.com.br\/noticia\/wp-json\/wp\/v2\/posts"}],"about":[{"href":"https:\/\/migracao.redenoticia.com.br\/noticia\/wp-json\/wp\/v2\/types\/post"}],"author":[{"embeddable":true,"href":"https:\/\/migracao.redenoticia.com.br\/noticia\/wp-json\/wp\/v2\/users\/2"}],"replies":[{"embeddable":true,"href":"https:\/\/migracao.redenoticia.com.br\/noticia\/wp-json\/wp\/v2\/comments?post=82389"}],"version-history":[{"count":0,"href":"https:\/\/migracao.redenoticia.com.br\/noticia\/wp-json\/wp\/v2\/posts\/82389\/revisions"}],"wp:featuredmedia":[{"embeddable":true,"href":"https:\/\/migracao.redenoticia.com.br\/noticia\/wp-json\/wp\/v2\/media\/76581"}],"wp:attachment":[{"href":"https:\/\/migracao.redenoticia.com.br\/noticia\/wp-json\/wp\/v2\/media?parent=82389"}],"wp:term":[{"taxonomy":"category","embeddable":true,"href":"https:\/\/migracao.redenoticia.com.br\/noticia\/wp-json\/wp\/v2\/categories?post=82389"},{"taxonomy":"post_tag","embeddable":true,"href":"https:\/\/migracao.redenoticia.com.br\/noticia\/wp-json\/wp\/v2\/tags?post=82389"}],"curies":[{"name":"wp","href":"https:\/\/api.w.org\/{rel}","templated":true}]}}