{"id":82408,"date":"2016-03-15T10:43:36","date_gmt":"2016-03-15T13:43:36","guid":{"rendered":"http:\/\/www.redenoticia.com.br\/noticia\/?p=82408"},"modified":"2016-03-14T18:44:56","modified_gmt":"2016-03-14T21:44:56","slug":"pesquisa-comprova-eficacia-de-oleos-de-oregano-e-de-cravo-no-combate-ao-aedes","status":"publish","type":"post","link":"https:\/\/migracao.redenoticia.com.br\/noticia\/2016\/pesquisa-comprova-eficacia-de-oleos-de-oregano-e-de-cravo-no-combate-ao-aedes\/82408","title":{"rendered":"Pesquisa comprova efic\u00e1cia de \u00f3leos de or\u00e9gano e de cravo no combate ao Aedes"},"content":{"rendered":"<p> Uma pesquisa da Pontif\u00edcia Universidade Cat\u00f3lica (PUC) de Minas Gerais e da Funda\u00e7\u00e3o Ezequiel Dias (Funed) atestou a efici\u00eancia do uso dos \u00f3leos de or\u00e9gano e de cravo para matar as larvas do mosquito <strong><em>Aedes aegypti<\/em><\/strong>. O pr\u00f3ximo passo do estudo ser\u00e1 desenvolver a f\u00f3rmula para um larvicida, que ser\u00e1 colocado \u00e0 disposi\u00e7\u00e3o do mercado.<\/p>\n<p>Em contato com o criadouro, os \u00f3leos matam as larvas em at\u00e9 24 horas. A pesquisadora Alzira Batista Cec\u00edlio espera que at\u00e9 o meio do ano a formula\u00e7\u00e3o j\u00e1 esteja pronta para ser apresentada \u00e0 ind\u00fastria. &#8220;Produto natural n\u00e3o pode ser patenteado. Ent\u00e3o, s\u00f3 ap\u00f3s a formula\u00e7\u00e3o do larvicida, poderemos patentear e iniciar as negocia\u00e7\u00f5es com as empresas&#8221;, afirma.<\/p>\n<p>O estudo \u00e9 um desdobramento de outra pesquisa mais ampla, que testa o uso de produtos naturais para combater diversos tipos de v\u00edrus. &#8220;Nesse cen\u00e1rio preocupante em rela\u00e7\u00e3o ao v\u00edrus da dengue, n\u00f3s decidimos come\u00e7ar a estudar tamb\u00e9m plantas que pudessem eliminar o vetor&#8221;, acrescenta Alzira. Al\u00e9m da dengue, o mosquito Aedes aegypti \u00e9 o transmissor do v\u00edrus Zika e da febre chikungunya.<\/p>\n<p>O or\u00e9gano e o cravo foram selecionados ap\u00f3s an\u00e1lise de mais de 20 plantas. O \u00f3leo \u00e9 extra\u00eddo com o uso de equipamentos espec\u00edficos. Por essa raz\u00e3o, n\u00e3o adianta por exemplo colocar folhas de or\u00e9gano ou cravo nos vasos das plantas.<\/p>\n<p>Neste momento, est\u00e1 sendo feito o estudo fitoqu\u00edmico, para detalhar a composi\u00e7\u00e3o qu\u00edmica dos \u00f3leos. Futuramente, est\u00e1 previsto tamb\u00e9m o teste desses \u00f3leos no combate a outras fases da vida do mosquito, o que pode levar ao desenvolvimento de um inseticida aerosol ou um repelente. A pesquisadora alerta, por\u00e9m, que esses produtos s\u00e3o apenas ferramentas auxiliares para combater o Aedes. &#8220;Eliminar os criadouros continua sendo o ponto chave&#8221;, reitera.<\/p>\n<p>Larvicida degrad\u00e1vel<\/p>\n<p>Segundo Alzira Cec\u00edlio, o objetivo \u00e9 desenvolver um produto que n\u00e3o contamine o meio ambiente, j\u00e1 que a maioria dos criadouros de larvas est\u00e1 espalhada. Elas podem ter contato com animais e at\u00e9 \u00e1gua voltada para o consumo humano, como por exemplo nas caixas d&#8217;\u00e1gua. &#8220;Queremos um larvicida que seja degradado rapidamente e n\u00e3o contamine a \u00e1gua, ao mesmo tempo em que tenha boa efic\u00e1cia. A maioria dos larvicidas usados hoje exige algum cuidado na aplica\u00e7\u00e3o e deixa a \u00e1gua com alguma toxicidade&#8221;, explica.<\/p>\n<p>No m\u00eas passado, uma nota t\u00e9cnica da Associa\u00e7\u00e3o Brasileira de Sa\u00fade Coletiva (Abrasco) gerou pol\u00eamica ao criticar os larvicidas usados atualmente. O governo do Rio Grande do Sul chegou a suspender o uso do Pyriproxifen, ao considerar que o produto poderia estar relacionado \u00e0 ocorr\u00eancia de microcefalia em beb\u00eas. A pr\u00f3pria Abrasco negou que tenha colocado essa possibilidade em quest\u00e3o.<\/p>\n<p>Em entrevista \u00e0 Ag\u00eancia Brasil, o coordenador do grupo de sa\u00fade e ambiente da Abrasco, Marcelo Firpo, explicou que foi um mal-entendido, mas reafirmou que a entidade \u00e9 contra o uso de agentes qu\u00edmicos na \u00e1gua pot\u00e1vel e que danos \u00e0 sa\u00fade decorrentes desses produtos n\u00e3o est\u00e3o descartados. &#8220;Consideramos um contrassenso sanit\u00e1rio, um absurdo a coloca\u00e7\u00e3o de veneno larvicida na \u00e1gua pot\u00e1vel&#8221;, disse.<\/p>\n<p>L\u00e9o Rodrigues &#8211; Correspondente da Ag\u00eancia Brasil<br \/>\nEdi\u00e7\u00e3o: Gra\u00e7a Adjuto<br \/>\n15\/03\/2016<\/p>\n","protected":false},"excerpt":{"rendered":"<p>Uma pesquisa da Pontif\u00edcia Universidade Cat\u00f3lica (PUC) de Minas Gerais e da Funda\u00e7\u00e3o Ezequiel Dias (Funed) atestou a efici\u00eancia do uso dos \u00f3leos de or\u00e9gano e de cravo para matar as larvas do mosquito Aedes aegypti. O pr\u00f3ximo passo do estudo ser\u00e1 desenvolver a f\u00f3rmula para um larvicida, que ser\u00e1 colocado \u00e0 disposi\u00e7\u00e3o do mercado. [&hellip;]<\/p>\n","protected":false},"author":2,"featured_media":40847,"comment_status":"open","ping_status":"closed","sticky":false,"template":"","format":"standard","meta":{"tdm_status":"","tdm_grid_status":"","footnotes":""},"categories":[22,5],"tags":[],"class_list":{"0":"post-82408","1":"post","2":"type-post","3":"status-publish","4":"format-standard","5":"has-post-thumbnail","7":"category-brasil","8":"category-saude-e-vida"},"_links":{"self":[{"href":"https:\/\/migracao.redenoticia.com.br\/noticia\/wp-json\/wp\/v2\/posts\/82408","targetHints":{"allow":["GET"]}}],"collection":[{"href":"https:\/\/migracao.redenoticia.com.br\/noticia\/wp-json\/wp\/v2\/posts"}],"about":[{"href":"https:\/\/migracao.redenoticia.com.br\/noticia\/wp-json\/wp\/v2\/types\/post"}],"author":[{"embeddable":true,"href":"https:\/\/migracao.redenoticia.com.br\/noticia\/wp-json\/wp\/v2\/users\/2"}],"replies":[{"embeddable":true,"href":"https:\/\/migracao.redenoticia.com.br\/noticia\/wp-json\/wp\/v2\/comments?post=82408"}],"version-history":[{"count":0,"href":"https:\/\/migracao.redenoticia.com.br\/noticia\/wp-json\/wp\/v2\/posts\/82408\/revisions"}],"wp:featuredmedia":[{"embeddable":true,"href":"https:\/\/migracao.redenoticia.com.br\/noticia\/wp-json\/wp\/v2\/media\/40847"}],"wp:attachment":[{"href":"https:\/\/migracao.redenoticia.com.br\/noticia\/wp-json\/wp\/v2\/media?parent=82408"}],"wp:term":[{"taxonomy":"category","embeddable":true,"href":"https:\/\/migracao.redenoticia.com.br\/noticia\/wp-json\/wp\/v2\/categories?post=82408"},{"taxonomy":"post_tag","embeddable":true,"href":"https:\/\/migracao.redenoticia.com.br\/noticia\/wp-json\/wp\/v2\/tags?post=82408"}],"curies":[{"name":"wp","href":"https:\/\/api.w.org\/{rel}","templated":true}]}}