{"id":8241,"date":"2009-08-11T15:26:28","date_gmt":"2009-08-11T19:26:28","guid":{"rendered":"http:\/\/www.redenoticia.com.br\/noticia\/?p=8241"},"modified":"2009-08-11T15:26:28","modified_gmt":"2009-08-11T19:26:28","slug":"fenalaw-sul-tem-data-adiada","status":"publish","type":"post","link":"https:\/\/migracao.redenoticia.com.br\/noticia\/2009\/fenalaw-sul-tem-data-adiada\/8241","title":{"rendered":"Fenalaw Sul tem data adiada"},"content":{"rendered":"<p align=\"center\">Congresso de Administra\u00e7\u00e3o Legal e Exposi\u00e7\u00e3o foram adiados para os dias 14 e 15 de outubro por conta da Gripe A (H1N1)<\/p>\n<p>Por medida de precau\u00e7\u00e3o e como meio de evitar a transmiss\u00e3o do v\u00edrus Influenza A (H1N1) a organiza\u00e7\u00e3o da Fenalaw \u2013 Congresso e Exposi\u00e7\u00e3o decidiu adiar a data de realiza\u00e7\u00e3o para os dias 14 e 15 de outubro.\u00a0 O evento est\u00e1 em sua quinta edi\u00e7\u00e3o e pela primeira vez ser\u00e1 em Porto Alegre, no Plaza S\u00e3o Rafael.<\/p>\n<p>O conte\u00fado do evento e a Exposi\u00e7\u00e3o n\u00e3o ser\u00e3o alterados. O Congresso de Administra\u00e7\u00e3o Legal da Fenalaw Sul contar\u00e1 com palestras ministradas por professores da FGV e experientes profissionais do mercado jur\u00eddico, est\u00e3o em pauta os seguintes temas: Planejamento Estrat\u00e9gico e Oportunidades de Mercado para Advogados; Perspectivas e Oportunidades no Mercosul; Gest\u00e3o Avan\u00e7ada de Marketing Jur\u00eddico; Planos de Carreira, Formas de Remunera\u00e7\u00e3o, Avalia\u00e7\u00e3o de Desempenho; Estrat\u00e9gias de Marketing; Advocacia sustent\u00e1vel e indicadores de desempenho; entre outros. Ser\u00e1 oferecida ainda uma exposi\u00e7\u00e3o, aberta ao p\u00fablico, com as novas ferramentas, t\u00e9cnicas de servi\u00e7os e produtos destinados para o mercado jur\u00eddico. Empresas de todo o pa\u00eds como a Totvs, Nova Prolink, IOB, BonnJur, Studio Fiscal e Modus Sistema, estar\u00e3o presentes.<\/p>\n<p>Para maiores Informa\u00e7\u00f5es entre em contato:<\/p>\n<p>Tels.:11 3078-7992 \/ 11 3532- 0662<\/p>\n<p><a href=\"mailto:contato@fenalaw.com.br\" target=\"_blank\">contato@fenalaw.com.br<\/a><\/p>\n<p><a href=\"http:\/\/www.fenalaw.com.br\/\" target=\"_blank\">www.fenalaw.com.br<\/a><\/p>\n","protected":false},"excerpt":{"rendered":"<p>Congresso de Administra\u00e7\u00e3o Legal e Exposi\u00e7\u00e3o foram adiados para os dias 14 e 15 de outubro por conta da Gripe A (H1N1) Por medida de precau\u00e7\u00e3o e como meio de evitar a transmiss\u00e3o do v\u00edrus Influenza A (H1N1) a organiza\u00e7\u00e3o da Fenalaw \u2013 Congresso e Exposi\u00e7\u00e3o decidiu adiar a data de realiza\u00e7\u00e3o para os dias [&hellip;]<\/p>\n","protected":false},"author":2,"featured_media":0,"comment_status":"open","ping_status":"open","sticky":false,"template":"","format":"standard","meta":{"tdm_status":"","tdm_grid_status":"","footnotes":""},"categories":[22,7],"tags":[],"class_list":{"0":"post-8241","1":"post","2":"type-post","3":"status-publish","4":"format-standard","6":"category-brasil","7":"category-economia"},"_links":{"self":[{"href":"https:\/\/migracao.redenoticia.com.br\/noticia\/wp-json\/wp\/v2\/posts\/8241","targetHints":{"allow":["GET"]}}],"collection":[{"href":"https:\/\/migracao.redenoticia.com.br\/noticia\/wp-json\/wp\/v2\/posts"}],"about":[{"href":"https:\/\/migracao.redenoticia.com.br\/noticia\/wp-json\/wp\/v2\/types\/post"}],"author":[{"embeddable":true,"href":"https:\/\/migracao.redenoticia.com.br\/noticia\/wp-json\/wp\/v2\/users\/2"}],"replies":[{"embeddable":true,"href":"https:\/\/migracao.redenoticia.com.br\/noticia\/wp-json\/wp\/v2\/comments?post=8241"}],"version-history":[{"count":0,"href":"https:\/\/migracao.redenoticia.com.br\/noticia\/wp-json\/wp\/v2\/posts\/8241\/revisions"}],"wp:attachment":[{"href":"https:\/\/migracao.redenoticia.com.br\/noticia\/wp-json\/wp\/v2\/media?parent=8241"}],"wp:term":[{"taxonomy":"category","embeddable":true,"href":"https:\/\/migracao.redenoticia.com.br\/noticia\/wp-json\/wp\/v2\/categories?post=8241"},{"taxonomy":"post_tag","embeddable":true,"href":"https:\/\/migracao.redenoticia.com.br\/noticia\/wp-json\/wp\/v2\/tags?post=8241"}],"curies":[{"name":"wp","href":"https:\/\/api.w.org\/{rel}","templated":true}]}}