{"id":82414,"date":"2016-03-15T10:47:51","date_gmt":"2016-03-15T13:47:51","guid":{"rendered":"http:\/\/www.redenoticia.com.br\/noticia\/?p=82414"},"modified":"2016-03-14T18:49:11","modified_gmt":"2016-03-14T21:49:11","slug":"custo-de-vida-em-sao-paulo-sobe-071-em-fevereiro","status":"publish","type":"post","link":"https:\/\/migracao.redenoticia.com.br\/noticia\/2016\/custo-de-vida-em-sao-paulo-sobe-071-em-fevereiro\/82414","title":{"rendered":"Custo de vida em S\u00e3o Paulo sobe 0,71% em fevereiro"},"content":{"rendered":"<p> O \u00cdndice do <strong><em>Custo de Vida<\/em><\/strong> no munic\u00edpio de S\u00e3o Paulo, em fevereiro, teve eleva\u00e7\u00e3o de 0,71% em rela\u00e7\u00e3o a janeiro, segundo o Departamento Intersindical de Estat\u00edstica e Estudos Socioecon\u00f4micos (Dieese). Os grupos que registraram as maiores taxas em fevereiro foram Despesas Pessoais (2,11%), Transporte (1,36%), Sa\u00fade (0,84%) e Alimenta\u00e7\u00e3o (0,66%). Eles contribu\u00edram conjuntamente com 0,61 ponto percentual.<\/p>\n<p>No grupo Despesas Pessoais, a taxa de 2,11% teve a contribui\u00e7\u00e3o da eleva\u00e7\u00e3o de 1,13% do subgrupo higiene e beleza, com destaque para o papel higi\u00eanico (3,54%) e os servi\u00e7os pessoais (1,01%), al\u00e9m do subgrupo fumo e acess\u00f3rios (3,09%).<\/p>\n<p>Hist\u00f3rico<\/p>\n<p>Em Transporte, que aumentou 1,36%, os dois subgrupos que comp\u00f5em o \u00edndice acusaram aumento: em transporte individual, os combust\u00edveis subiram 1,60% e os \u00f3leos, 3,54%. Na Sa\u00fade, com eleva\u00e7\u00e3o de 0,84%, a assist\u00eancia m\u00e9dica teve os pre\u00e7os aumentados em 1% e os medicamentos e produtos farmac\u00eauticos em 0,11%.<\/p>\n<p>No grupo alimenta\u00e7\u00e3o, os subgrupos que contribu\u00edram para o aumento de 0,66% foram os produtos in natura e semi elaborados (0,33%), alimenta\u00e7\u00e3o fora do domic\u00edlio (0,47%) e ind\u00fastria aliment\u00edcia (1,27%). Entre os produtos in natura, houve aumento do pre\u00e7o do feij\u00e3o (8,98%), arroz (1,04%), alface (3,09%), cenoura (12,56%), alho (10,70%), cebola (2,54%) e beterraba (0,52%). Tamb\u00e9m houve reajuste do pre\u00e7o da carne bovina (0,44%), leite (0,08%) e ovos (3,92%).<\/p>\n<p>As altas do subgrupo alimenta\u00e7\u00e3o fora do domic\u00edlio tiveram como principal contribui\u00e7\u00e3o as refei\u00e7\u00f5es principais (0,38%) e lanches matinais e vespertinos (0,58%). Os produtos que registraram aumentos mais expressivos no subgrupo ind\u00fastria da alimenta\u00e7\u00e3o foram bolo (5,43%), p\u00e3o de forma (4,78%), a\u00e7\u00facar (4,56%), \u00f3leo (4,41%), frios (4,18%), massa seca (2,82%), chocolate (2,47%) e caf\u00e9 em p\u00f3 (1,09%).<\/p>\n<p>Fl\u00e1via Albuquerque &#8211; Rep\u00f3rter da Ag\u00eancia Brasil<br \/>\nEdi\u00e7\u00e3o: Kleber Sampaio<br \/>\n15\/03\/2016<\/p>\n","protected":false},"excerpt":{"rendered":"<p>O \u00cdndice do Custo de Vida no munic\u00edpio de S\u00e3o Paulo, em fevereiro, teve eleva\u00e7\u00e3o de 0,71% em rela\u00e7\u00e3o a janeiro, segundo o Departamento Intersindical de Estat\u00edstica e Estudos Socioecon\u00f4micos (Dieese). Os grupos que registraram as maiores taxas em fevereiro foram Despesas Pessoais (2,11%), Transporte (1,36%), Sa\u00fade (0,84%) e Alimenta\u00e7\u00e3o (0,66%). Eles contribu\u00edram conjuntamente com [&hellip;]<\/p>\n","protected":false},"author":2,"featured_media":57583,"comment_status":"open","ping_status":"closed","sticky":false,"template":"","format":"standard","meta":{"tdm_status":"","tdm_grid_status":"","footnotes":""},"categories":[22,7],"tags":[],"class_list":{"0":"post-82414","1":"post","2":"type-post","3":"status-publish","4":"format-standard","5":"has-post-thumbnail","7":"category-brasil","8":"category-economia"},"_links":{"self":[{"href":"https:\/\/migracao.redenoticia.com.br\/noticia\/wp-json\/wp\/v2\/posts\/82414","targetHints":{"allow":["GET"]}}],"collection":[{"href":"https:\/\/migracao.redenoticia.com.br\/noticia\/wp-json\/wp\/v2\/posts"}],"about":[{"href":"https:\/\/migracao.redenoticia.com.br\/noticia\/wp-json\/wp\/v2\/types\/post"}],"author":[{"embeddable":true,"href":"https:\/\/migracao.redenoticia.com.br\/noticia\/wp-json\/wp\/v2\/users\/2"}],"replies":[{"embeddable":true,"href":"https:\/\/migracao.redenoticia.com.br\/noticia\/wp-json\/wp\/v2\/comments?post=82414"}],"version-history":[{"count":0,"href":"https:\/\/migracao.redenoticia.com.br\/noticia\/wp-json\/wp\/v2\/posts\/82414\/revisions"}],"wp:featuredmedia":[{"embeddable":true,"href":"https:\/\/migracao.redenoticia.com.br\/noticia\/wp-json\/wp\/v2\/media\/57583"}],"wp:attachment":[{"href":"https:\/\/migracao.redenoticia.com.br\/noticia\/wp-json\/wp\/v2\/media?parent=82414"}],"wp:term":[{"taxonomy":"category","embeddable":true,"href":"https:\/\/migracao.redenoticia.com.br\/noticia\/wp-json\/wp\/v2\/categories?post=82414"},{"taxonomy":"post_tag","embeddable":true,"href":"https:\/\/migracao.redenoticia.com.br\/noticia\/wp-json\/wp\/v2\/tags?post=82414"}],"curies":[{"name":"wp","href":"https:\/\/api.w.org\/{rel}","templated":true}]}}