{"id":82418,"date":"2016-03-15T17:28:12","date_gmt":"2016-03-15T20:28:12","guid":{"rendered":"http:\/\/www.redenoticia.com.br\/noticia\/?p=82418"},"modified":"2016-03-15T17:29:12","modified_gmt":"2016-03-15T20:29:12","slug":"novela-velho-chico-resumo-1603-afranio-chega-a-fazenda-dos-pais","status":"publish","type":"post","link":"https:\/\/migracao.redenoticia.com.br\/noticia\/2016\/novela-velho-chico-resumo-1603-afranio-chega-a-fazenda-dos-pais\/82418","title":{"rendered":"Novela \u201cVelho Chico\u201d resumo 16\/03: Afr\u00e2nio chega \u00e0 fazenda dos pais"},"content":{"rendered":"<p> <img loading=\"lazy\" decoding=\"async\" class=\"alignleft size-thumbnail wp-image-82169\" src=\"https:\/\/migracao.redenoticia.com.br\/noticia\/imagens\/velho_chico_novela_resumo_globo-150x112.jpg\" alt=\"velho_chico_novela_resumo_globo\" width=\"150\" height=\"112\" srcset=\"https:\/\/migracao.redenoticia.com.br\/noticia\/imagens\/velho_chico_novela_resumo_globo-150x112.jpg 150w, https:\/\/migracao.redenoticia.com.br\/noticia\/imagens\/velho_chico_novela_resumo_globo-265x198.jpg 265w\" sizes=\"auto, (max-width: 150px) 100vw, 150px\" \/><strong><em>Novela \u201cVelho Chico\u201d resumo 16\/03<\/em><\/strong>: Afr\u00e2nio preparava-se para ingressar na carreira pol\u00edtica quando a morte do pai o fez desistir de seus sonhos e de seu amor e voltar para assumir a fazenda. Afr\u00e2nio chega \u00e0 fazenda dos pais, se revela para Encarna\u00e7\u00e3o e afirma que voltou para cuidar do que \u00e9 seu.<\/p>\n<p>No capitulo 003, novela \u201cVelho Chico\u201d, quarta-feira, 16 de mar\u00e7o &#8211; Afr\u00e2nio se revela para Encarna\u00e7\u00e3o e afirma que voltou para cuidar do que \u00e9 seu. Capit\u00e3o Rosa encontra um beb\u00ea abandonado na planta\u00e7\u00e3o de algod\u00e3o e Eul\u00e1lia cuida da crian\u00e7a. <\/p>\n<p>Piedade e Belmiro decidem deixar suas terras para proteger Santo. Clemente alerta Afr\u00e2nio sobre a concorr\u00eancia de Rosa. Afr\u00e2nio nega trabalho a Belmiro. Piedade amamenta Luzia. <\/p>\n<p>Capit\u00e3o Rosa aceita Belmiro e Piedade em sua casa, a pedido de Eul\u00e1lia. Afr\u00e2nio sofre para se adaptar a sua nova vida. Belmiro flagra Clemente e seus jagun\u00e7os ateando fogo no galp\u00e3o de Rosa.<\/p>\n<p>(*) edi\u00e7\u00e3o da Rede Globo, Novela \u201cVelho Chico\u201d, sujeito a altera\u00e7\u00e3o de data e conte\u00fado. <\/p>\n","protected":false},"excerpt":{"rendered":"<p>Novela \u201cVelho Chico\u201d resumo 16\/03: Afr\u00e2nio preparava-se para ingressar na carreira pol\u00edtica quando a morte do pai o fez desistir de seus sonhos e de seu amor e voltar para assumir a fazenda. Afr\u00e2nio chega \u00e0 fazenda dos pais, se revela para Encarna\u00e7\u00e3o e afirma que voltou para cuidar do que \u00e9 seu. No capitulo [&hellip;]<\/p>\n","protected":false},"author":2,"featured_media":82169,"comment_status":"open","ping_status":"closed","sticky":false,"template":"","format":"standard","meta":{"tdm_status":"","tdm_grid_status":"","footnotes":""},"categories":[379,375,343],"tags":[],"class_list":{"0":"post-82418","1":"post","2":"type-post","3":"status-publish","4":"format-standard","5":"has-post-thumbnail","7":"category-novelas","8":"category-rede-globo","9":"category-televisao"},"_links":{"self":[{"href":"https:\/\/migracao.redenoticia.com.br\/noticia\/wp-json\/wp\/v2\/posts\/82418","targetHints":{"allow":["GET"]}}],"collection":[{"href":"https:\/\/migracao.redenoticia.com.br\/noticia\/wp-json\/wp\/v2\/posts"}],"about":[{"href":"https:\/\/migracao.redenoticia.com.br\/noticia\/wp-json\/wp\/v2\/types\/post"}],"author":[{"embeddable":true,"href":"https:\/\/migracao.redenoticia.com.br\/noticia\/wp-json\/wp\/v2\/users\/2"}],"replies":[{"embeddable":true,"href":"https:\/\/migracao.redenoticia.com.br\/noticia\/wp-json\/wp\/v2\/comments?post=82418"}],"version-history":[{"count":0,"href":"https:\/\/migracao.redenoticia.com.br\/noticia\/wp-json\/wp\/v2\/posts\/82418\/revisions"}],"wp:featuredmedia":[{"embeddable":true,"href":"https:\/\/migracao.redenoticia.com.br\/noticia\/wp-json\/wp\/v2\/media\/82169"}],"wp:attachment":[{"href":"https:\/\/migracao.redenoticia.com.br\/noticia\/wp-json\/wp\/v2\/media?parent=82418"}],"wp:term":[{"taxonomy":"category","embeddable":true,"href":"https:\/\/migracao.redenoticia.com.br\/noticia\/wp-json\/wp\/v2\/categories?post=82418"},{"taxonomy":"post_tag","embeddable":true,"href":"https:\/\/migracao.redenoticia.com.br\/noticia\/wp-json\/wp\/v2\/tags?post=82418"}],"curies":[{"name":"wp","href":"https:\/\/api.w.org\/{rel}","templated":true}]}}