{"id":82429,"date":"2016-03-15T15:20:43","date_gmt":"2016-03-15T18:20:43","guid":{"rendered":"http:\/\/www.redenoticia.com.br\/noticia\/?p=82429"},"modified":"2016-03-15T15:20:43","modified_gmt":"2016-03-15T18:20:43","slug":"novela-cuidado-com-o-anjo-resumo-1603-malu-se-nega-a-viver-com-os-velarde","status":"publish","type":"post","link":"https:\/\/migracao.redenoticia.com.br\/noticia\/2016\/novela-cuidado-com-o-anjo-resumo-1603-malu-se-nega-a-viver-com-os-velarde\/82429","title":{"rendered":"Novela \u201cCuidado com o Anjo\u201d resumo 16\/03: Mal\u00fa se nega a viver com os Velarde"},"content":{"rendered":"<p><img loading=\"lazy\" decoding=\"async\" class=\"alignleft size-thumbnail wp-image-82049\" src=\"https:\/\/migracao.redenoticia.com.br\/noticia\/imagens\/cuidado-com-o-anjo-novela-resumo-capitulo-sbt-episodio-150x112.jpg\" alt=\"cuidado com o anjo novela resumo capitulo sbt episodio\" width=\"150\" height=\"112\" srcset=\"https:\/\/migracao.redenoticia.com.br\/noticia\/imagens\/cuidado-com-o-anjo-novela-resumo-capitulo-sbt-episodio-150x112.jpg 150w, https:\/\/migracao.redenoticia.com.br\/noticia\/imagens\/cuidado-com-o-anjo-novela-resumo-capitulo-sbt-episodio-265x198.jpg 265w\" sizes=\"auto, (max-width: 150px) 100vw, 150px\" \/><strong><em>Novela \u201cCuidado com o Anjo\u201d resumo 16\/03<\/em><\/strong>: Cec\u00edlia j\u00e1 pediu para Estef\u00e2nia sair de sua casa. Estef\u00e2nia n\u00e3o se conforma de perder todas as regalias e jura vingan\u00e7a. Estef\u00e2nia procura sua tia Isabela e diz que precisam fazer alguma coisa para impedir que Mal\u00fa v\u00e1 morar na casa dos Velarde. Cec\u00edlia visita Mal\u00fa e suplica \u00e1 filha que v\u00e1 morar com ela. Enquanto isso, Estef\u00e2nia envenena Patr\u00edcio afirmando que, para Cec\u00edlia, Mal\u00fa \u00e9 mais importante do que ele. Patr\u00edcio decide ir embora de casa antes que Cec\u00edlia o expulse, como fez com Estef\u00e2nia. Mal\u00fa se nega a viver com os Velarde e diz a Cec\u00edlia que talvez nunca consiga perdoar seu pai.<\/p>\n<p>No capitulo 078 (*), novela \u201cCuidado com o Anjo\u201d, quarta-feira, 16 de mar\u00e7o &#8211; Mal\u00fa assiste a cerim\u00f4nia de casamento de Rosa e Vicente na companhia de Leopardo. Jo\u00e3o Miguel observa os dois e pensa no dia em que se casou com Mal\u00fa. Leopardo se irrita com a insist\u00eancia que Jo\u00e3o Miguel e olha para Mal\u00fa. Branca se apavora com medo que Ivete possa chegar antes que Jo\u00e3o Miguel volte da festa. Padre Anselmo celebra a uni\u00e3o de Rosa e Vicente e Tininha pede a Mal\u00fa que v\u00e1 \u00e1 festa de sua tia. Branca se converte em Ivete e tenta fugir do hospital. Leopardo faz uma cena de ci\u00fames com Mal\u00fa por causa de Jo\u00e3o Miguel. Jo\u00e3o Miguel telefona para Branca, percebe que algo est\u00e1 acontecendo e vai para o hospital. Ivete aparece na casa de Leopardo, diz que o ama e Jo\u00e3o Miguel encontra os dois juntos. Cec\u00edlia volta a dizer a Patr\u00edcio que vai pedir a Mal\u00fa que v\u00e1 morar com eles.<\/p>\n<p>Jo\u00e3o Miguel sup\u00f5e que Leopardo est\u00e1 usando Branca para se vingar de Mal\u00fa e os dois discutem. Ivete defende Leopardo e, diante de Jo\u00e3o Miguel, o chama de \u201cmeu amor\u201d, mas logo depois recupera a personalidade de Branca e vai embora com Jo\u00e3o Miguel. Jo\u00e3o Miguel leva Branca para sua casa e ela conta que a hist\u00f3ria de Leopardo e Ivete come\u00e7ou h\u00e1 muito tempo, na Fran\u00e7a. Jo\u00e3o Miguel relembra com nostalgia os momentos felizes que passou ao lado de Mal\u00fa. Enquanto Leopardo pensa que nunca perder\u00e1 Mal\u00fa e que seu amor por ela o salvar\u00e1 de Ivete, Jo\u00e3o Miguel sofre pensando que a perder\u00e1 para sempre se ela optar por se casar com seu ex-amigo. Cec\u00edlia visita Mal\u00fa e suplica \u00e1 filha que v\u00e1 morar com ela. Enquanto isso, Estef\u00e2nia envenena Patr\u00edcio afirmando que, para Cec\u00edlia, Mal\u00fa \u00e9 mais importante do que ele.<\/p>\n<p>Of\u00e9lia descobre que Jo\u00e3o Miguel trouxe Branca para viver em sua casa e se preocupa com o que possa acontecer com sua neta vivendo sob o mesmo teto que uma assassina. Patr\u00edcio decide ir embora de casa antes que Cec\u00edlia o expulse como fez com Estef\u00e2nia. Mal\u00fa se nega a viver com os Velarde e diz a Cec\u00edlia que talvez nunca consiga perdoar seu pai. Amador pressiona Beatriz e amea\u00e7a lhe tirar o beb\u00ea se n\u00e3o terminar seu relacionamento com Eduardo. Amador comenta com Estef\u00e2nia que Mal\u00fa aceitou fazer a pe\u00e7a teatral onde seu personagem morre no final com um disparo e ela tem uma ideia macabra. Isabela telefona para Branca se passando por Ivete e tenta manipular sua mente para que mate Jo\u00e3o Miguel. Mal\u00fa estreia sua nova pe\u00e7a. Leopardo e Jo\u00e3o Miguel v\u00e3o ao teatro para assisti-la. No final do espet\u00e1culo, Mal\u00fa \u00e9 aplaudida pelo p\u00fablico e, ao ver Jo\u00e3o Miguel na plateia \u00e0 mo\u00e7a sorri para ele.<\/p>\n<p>(*) edi\u00e7\u00e3o do SBT, Novela \u201cCuidado com o Anjo\u201d, sujeito a altera\u00e7\u00e3o de data e conte\u00fado.<\/p>\n","protected":false},"excerpt":{"rendered":"<p>Novela \u201cCuidado com o Anjo\u201d resumo 16\/03: Cec\u00edlia j\u00e1 pediu para Estef\u00e2nia sair de sua casa. Estef\u00e2nia n\u00e3o se conforma de perder todas as regalias e jura vingan\u00e7a. Estef\u00e2nia procura sua tia Isabela e diz que precisam fazer alguma coisa para impedir que Mal\u00fa v\u00e1 morar na casa dos Velarde. Cec\u00edlia visita Mal\u00fa e suplica [&hellip;]<\/p>\n","protected":false},"author":2,"featured_media":82049,"comment_status":"open","ping_status":"closed","sticky":false,"template":"","format":"standard","meta":{"tdm_status":"","tdm_grid_status":"","footnotes":""},"categories":[379,372,343],"tags":[],"class_list":{"0":"post-82429","1":"post","2":"type-post","3":"status-publish","4":"format-standard","5":"has-post-thumbnail","7":"category-novelas","8":"category-sbt","9":"category-televisao"},"_links":{"self":[{"href":"https:\/\/migracao.redenoticia.com.br\/noticia\/wp-json\/wp\/v2\/posts\/82429","targetHints":{"allow":["GET"]}}],"collection":[{"href":"https:\/\/migracao.redenoticia.com.br\/noticia\/wp-json\/wp\/v2\/posts"}],"about":[{"href":"https:\/\/migracao.redenoticia.com.br\/noticia\/wp-json\/wp\/v2\/types\/post"}],"author":[{"embeddable":true,"href":"https:\/\/migracao.redenoticia.com.br\/noticia\/wp-json\/wp\/v2\/users\/2"}],"replies":[{"embeddable":true,"href":"https:\/\/migracao.redenoticia.com.br\/noticia\/wp-json\/wp\/v2\/comments?post=82429"}],"version-history":[{"count":0,"href":"https:\/\/migracao.redenoticia.com.br\/noticia\/wp-json\/wp\/v2\/posts\/82429\/revisions"}],"wp:featuredmedia":[{"embeddable":true,"href":"https:\/\/migracao.redenoticia.com.br\/noticia\/wp-json\/wp\/v2\/media\/82049"}],"wp:attachment":[{"href":"https:\/\/migracao.redenoticia.com.br\/noticia\/wp-json\/wp\/v2\/media?parent=82429"}],"wp:term":[{"taxonomy":"category","embeddable":true,"href":"https:\/\/migracao.redenoticia.com.br\/noticia\/wp-json\/wp\/v2\/categories?post=82429"},{"taxonomy":"post_tag","embeddable":true,"href":"https:\/\/migracao.redenoticia.com.br\/noticia\/wp-json\/wp\/v2\/tags?post=82429"}],"curies":[{"name":"wp","href":"https:\/\/api.w.org\/{rel}","templated":true}]}}