{"id":8244,"date":"2009-08-11T15:28:51","date_gmt":"2009-08-11T19:28:51","guid":{"rendered":"http:\/\/www.redenoticia.com.br\/noticia\/?p=8244"},"modified":"2009-08-11T15:28:51","modified_gmt":"2009-08-11T19:28:51","slug":"quality-lavanderia-ensina-consumidor-a-evitar-problemas-com-a-limpeza-das-pecas","status":"publish","type":"post","link":"https:\/\/migracao.redenoticia.com.br\/noticia\/2009\/quality-lavanderia-ensina-consumidor-a-evitar-problemas-com-a-limpeza-das-pecas\/8244","title":{"rendered":"Quality Lavanderia ensina consumidor a evitar problemas com a limpeza das pe\u00e7as"},"content":{"rendered":"<p>Muitas pessoas t\u00eam o h\u00e1bito de cortar as etiquetas das roupas antes de us\u00e1-las. Apesar de muitas serem realmente inc\u00f4modas \u2013 especialmente para as crian\u00e7as \u2013 nelas est\u00e3o informa\u00e7\u00f5es indispens\u00e1veis para a limpeza e conserva\u00e7\u00e3o das pe\u00e7as. E o mais correto \u00e9 que o consumidor saiba interpretar os s\u00edmbolos que nelas constam.<\/p>\n<p>Segundo Ricardo Monteiro, Gerente Operacional da Quality Lavanderia, quando uma roupa \u00e9 levada \u00e0 lavanderia os profissionais l\u00eaem a etiqueta para usarem os procedimentos corretos durante o processo de limpeza. \u201cAs etiquetas t\u00eam de indicar se aquela pe\u00e7a tem de ser lavada na \u00e1gua ou a seco, se pode ou n\u00e3o ser alvejada, se pode ser seca em secadora, entre outras orienta\u00e7\u00f5es\u201d, resume. \u201cAs especifica\u00e7\u00f5es devem ser precisas para que, caso haja manchas, elas possam ser retiradas e se evitem o encolhimento e outros problemas que ocasionam menor durabilidade ao produto\u201d, diz.<\/p>\n<p>Em casa, tamb\u00e9m \u00e9 preciso ler as etiquetas antes de lavar as pe\u00e7as. \u201cSe indicar lavagem a seco, ela n\u00e3o pode ser feita em casa\u201d, alerta o especialista. Ficam, ent\u00e3o, dois conselhos de Monteiro: olhar as etiquetas antes de comprar a roupa e observ\u00e1-las na hora da limpeza.<\/p>\n<p>O consultor vai al\u00e9m: \u00e0s vezes, as confec\u00e7\u00f5es colocam uma etiqueta incorreta de conserva\u00e7\u00e3o e limpeza. \u201cElas se baseiam somente na limpeza do tecido principal e n\u00e3o executam testes complementares de limpeza ap\u00f3s a confec\u00e7\u00e3o total da pe\u00e7a &#8211; que passa a contar com v\u00e1rios acess\u00f3rios, aviamentos e at\u00e9 detalhes de outro tecido que muitas vezes n\u00e3o podem receber o mesmo processo do tecido principal\u201d. Ainda assim, o mais indicado \u00e9 seguir as orienta\u00e7\u00f5es da confec\u00e7\u00e3o. \u201cEm caso de danos, a mesma poder\u00e1 repor a pe\u00e7a ao cliente.\u201d.<\/p>\n","protected":false},"excerpt":{"rendered":"<p>Muitas pessoas t\u00eam o h\u00e1bito de cortar as etiquetas das roupas antes de us\u00e1-las. Apesar de muitas serem realmente inc\u00f4modas \u2013 especialmente para as crian\u00e7as \u2013 nelas est\u00e3o informa\u00e7\u00f5es indispens\u00e1veis para a limpeza e conserva\u00e7\u00e3o das pe\u00e7as. E o mais correto \u00e9 que o consumidor saiba interpretar os s\u00edmbolos que nelas constam. Segundo Ricardo Monteiro, [&hellip;]<\/p>\n","protected":false},"author":2,"featured_media":0,"comment_status":"open","ping_status":"open","sticky":false,"template":"","format":"standard","meta":{"tdm_status":"","tdm_grid_status":"","footnotes":""},"categories":[22],"tags":[],"class_list":{"0":"post-8244","1":"post","2":"type-post","3":"status-publish","4":"format-standard","6":"category-brasil"},"_links":{"self":[{"href":"https:\/\/migracao.redenoticia.com.br\/noticia\/wp-json\/wp\/v2\/posts\/8244","targetHints":{"allow":["GET"]}}],"collection":[{"href":"https:\/\/migracao.redenoticia.com.br\/noticia\/wp-json\/wp\/v2\/posts"}],"about":[{"href":"https:\/\/migracao.redenoticia.com.br\/noticia\/wp-json\/wp\/v2\/types\/post"}],"author":[{"embeddable":true,"href":"https:\/\/migracao.redenoticia.com.br\/noticia\/wp-json\/wp\/v2\/users\/2"}],"replies":[{"embeddable":true,"href":"https:\/\/migracao.redenoticia.com.br\/noticia\/wp-json\/wp\/v2\/comments?post=8244"}],"version-history":[{"count":0,"href":"https:\/\/migracao.redenoticia.com.br\/noticia\/wp-json\/wp\/v2\/posts\/8244\/revisions"}],"wp:attachment":[{"href":"https:\/\/migracao.redenoticia.com.br\/noticia\/wp-json\/wp\/v2\/media?parent=8244"}],"wp:term":[{"taxonomy":"category","embeddable":true,"href":"https:\/\/migracao.redenoticia.com.br\/noticia\/wp-json\/wp\/v2\/categories?post=8244"},{"taxonomy":"post_tag","embeddable":true,"href":"https:\/\/migracao.redenoticia.com.br\/noticia\/wp-json\/wp\/v2\/tags?post=8244"}],"curies":[{"name":"wp","href":"https:\/\/api.w.org\/{rel}","templated":true}]}}