{"id":82452,"date":"2016-03-15T16:52:31","date_gmt":"2016-03-15T19:52:31","guid":{"rendered":"http:\/\/www.redenoticia.com.br\/noticia\/?p=82452"},"modified":"2016-03-15T16:52:31","modified_gmt":"2016-03-15T19:52:31","slug":"novela-chamas-da-vida-resumo-1603-lourdes-pega-ivonete-e-tomas-juntos","status":"publish","type":"post","link":"https:\/\/migracao.redenoticia.com.br\/noticia\/2016\/novela-chamas-da-vida-resumo-1603-lourdes-pega-ivonete-e-tomas-juntos\/82452","title":{"rendered":"Novela \u201cChamas da Vida\u201d resumo 16\/03: Lourdes pega Ivonete e Tom\u00e1s juntos"},"content":{"rendered":"<p> <img loading=\"lazy\" decoding=\"async\" src=\"https:\/\/migracao.redenoticia.com.br\/noticia\/imagens\/chamas_da_vida_resumo_novela-150x112.jpeg\" alt=\"chamas_da_vida_resumo_novela\" width=\"150\" height=\"112\" class=\"alignleft size-thumbnail wp-image-82020\" \/><strong><em>Novela \u201cChamas da Vida\u201d resumo 16\/03<\/em><\/strong>: Tom\u00e1s se disfar\u00e7a de encanador para ir at\u00e9 a pens\u00e3o falar com Ivonete. Tom\u00e1s diz para Ivonete que n\u00e3o \u00e9 est\u00e9ril e ela diz que j\u00e1 sabia. Logo depois, Lourdes pega Ivonete e Tom\u00e1s se beijando. Ivonete conta sobre a vingan\u00e7a de Tom\u00e1s para a m\u00e3e e pede segredo. Ela diz que vingan\u00e7a \u00e9 uma coisa ruim. Lourdes guarda segredo, mas fica estranha e Tuquinha desconfia que h\u00e1 algo errado. <\/p>\n<p>No capitulo 099 (*), novela \u201cChamas da Vida\u201d, quarta-feira, 16 de mar\u00e7o &#8211; Docinho tenta convencer Lipe a falar sobre o cativeiro do Demoro. Lipe se recusa falar onde est\u00e1 Demoro a Docinho. Docinho perde o controle e avan\u00e7a em Lipe. Guilherme fala para Caz\u00e9 que est\u00e1 ansioso pelo resultado do exame de sangue de Michele. Tom\u00e1s se disfar\u00e7a de encanador para ir at\u00e9 a pens\u00e3o falar com Ivonete. Tom\u00e1s diz para Ivonete que n\u00e3o \u00e9 est\u00e9ril. <\/p>\n<p>Docinho diz para Miguel que quase conseguiu tirar as informa\u00e7\u00f5es de Lipe. Lourdes pega Ivonete e Tom\u00e1s se beijando. Caz\u00e9 conta a Ra\u00edssa que Vivi foi violentada por Lipe. Ra\u00edssa desmaia. Ivonete diz a Lourdes para n\u00e3o contar nada sobre a vingan\u00e7a de Tom\u00e1s. Ra\u00edssa recobra a consci\u00eancia e diz a Caz\u00e9 que teve uma indisposi\u00e7\u00e3o. Pedro leva uma psic\u00f3loga para conversar com Vivi. <\/p>\n<p>Demor\u00f4 tem alucina\u00e7\u00f5es no cativeiro. Telma conversa com Leo. Junior convida Telma para jantar na pens\u00e3o. Leo convida-se. Junior n\u00e3o gosta, mas n\u00e3o diz nada. Beatriz encontra-se com um rapaz chamado Nando e diz que precisa tirar Ant\u00f3nio da cadeia. Ele diz que pagando tudo \u00e9 poss\u00edvel. Ant\u00f3nio diz que vai matar Lipe. Lipe, na outra cela, diz que ama Vivi. O guarda pede a Ant\u00f3nio para ficar calado. Beatriz diz a Nando que quer participar da fuga de Ant\u00f4nio. Ele diz que o risco \u00e9 por conta dela.  <\/p>\n<p>(*) edi\u00e7\u00e3o da Rede Record, Novela \u201cChamas da Vida\u201d, sujeito a altera\u00e7\u00e3o de data e conte\u00fado.<\/p>\n","protected":false},"excerpt":{"rendered":"<p>Novela \u201cChamas da Vida\u201d resumo 16\/03: Tom\u00e1s se disfar\u00e7a de encanador para ir at\u00e9 a pens\u00e3o falar com Ivonete. Tom\u00e1s diz para Ivonete que n\u00e3o \u00e9 est\u00e9ril e ela diz que j\u00e1 sabia. Logo depois, Lourdes pega Ivonete e Tom\u00e1s se beijando. Ivonete conta sobre a vingan\u00e7a de Tom\u00e1s para a m\u00e3e e pede segredo. [&hellip;]<\/p>\n","protected":false},"author":2,"featured_media":82020,"comment_status":"open","ping_status":"closed","sticky":false,"template":"","format":"standard","meta":{"tdm_status":"","tdm_grid_status":"","footnotes":""},"categories":[379,371,343],"tags":[],"class_list":{"0":"post-82452","1":"post","2":"type-post","3":"status-publish","4":"format-standard","5":"has-post-thumbnail","7":"category-novelas","8":"category-rede-record","9":"category-televisao"},"_links":{"self":[{"href":"https:\/\/migracao.redenoticia.com.br\/noticia\/wp-json\/wp\/v2\/posts\/82452","targetHints":{"allow":["GET"]}}],"collection":[{"href":"https:\/\/migracao.redenoticia.com.br\/noticia\/wp-json\/wp\/v2\/posts"}],"about":[{"href":"https:\/\/migracao.redenoticia.com.br\/noticia\/wp-json\/wp\/v2\/types\/post"}],"author":[{"embeddable":true,"href":"https:\/\/migracao.redenoticia.com.br\/noticia\/wp-json\/wp\/v2\/users\/2"}],"replies":[{"embeddable":true,"href":"https:\/\/migracao.redenoticia.com.br\/noticia\/wp-json\/wp\/v2\/comments?post=82452"}],"version-history":[{"count":0,"href":"https:\/\/migracao.redenoticia.com.br\/noticia\/wp-json\/wp\/v2\/posts\/82452\/revisions"}],"wp:featuredmedia":[{"embeddable":true,"href":"https:\/\/migracao.redenoticia.com.br\/noticia\/wp-json\/wp\/v2\/media\/82020"}],"wp:attachment":[{"href":"https:\/\/migracao.redenoticia.com.br\/noticia\/wp-json\/wp\/v2\/media?parent=82452"}],"wp:term":[{"taxonomy":"category","embeddable":true,"href":"https:\/\/migracao.redenoticia.com.br\/noticia\/wp-json\/wp\/v2\/categories?post=82452"},{"taxonomy":"post_tag","embeddable":true,"href":"https:\/\/migracao.redenoticia.com.br\/noticia\/wp-json\/wp\/v2\/tags?post=82452"}],"curies":[{"name":"wp","href":"https:\/\/api.w.org\/{rel}","templated":true}]}}