{"id":82456,"date":"2016-03-15T17:03:51","date_gmt":"2016-03-15T20:03:51","guid":{"rendered":"http:\/\/www.redenoticia.com.br\/noticia\/?p=82456"},"modified":"2016-03-15T17:03:51","modified_gmt":"2016-03-15T20:03:51","slug":"novela-eta-mundo-bom-resumo-1603-braz-culpa-seu-pai-pela-morte-de-ana","status":"publish","type":"post","link":"https:\/\/migracao.redenoticia.com.br\/noticia\/2016\/novela-eta-mundo-bom-resumo-1603-braz-culpa-seu-pai-pela-morte-de-ana\/82456","title":{"rendered":"Novela \u201cEta Mundo Bom\u201d resumo 16\/03: Braz culpa seu pai pela morte de Ana"},"content":{"rendered":"<p> <img loading=\"lazy\" decoding=\"async\" class=\"alignleft size-thumbnail wp-image-82131\" src=\"https:\/\/migracao.redenoticia.com.br\/noticia\/imagens\/eta_mundo_bom_globo_novela_resumo-150x112.jpg\" alt=\"eta_mundo_bom_globo_novela_resumo\" width=\"150\" height=\"112\" srcset=\"https:\/\/migracao.redenoticia.com.br\/noticia\/imagens\/eta_mundo_bom_globo_novela_resumo-150x112.jpg 150w, https:\/\/migracao.redenoticia.com.br\/noticia\/imagens\/eta_mundo_bom_globo_novela_resumo-265x198.jpg 265w\" sizes=\"auto, (max-width: 150px) 100vw, 150px\" \/><strong><em>Novela \u201cEta Mundo Bom\u201d resumo 16\/03<\/em><\/strong>: ap\u00f3s ter uma discuss\u00e3o com o marido e passar mal, Ana morre. Mas, antes ela pede que Maria, Braz e Severo se perdoem e se unam. Maria promete cuidar de sua irm\u00e3. Braz culpa seu pai e promete vingan\u00e7a. Celso apoia Maria neste momento dif\u00edcil e eles acabam se beijando. Logo depois, Celso e Maria se desculpam um com o outro pelo beijo.<\/p>\n<p>No capitulo 051, novela \u201cEta Mundo Bom\u201d, quarta-feira, 16 de mar\u00e7o &#8211; Lauro comunica \u00e0 fam\u00edlia que o estado de Ana \u00e9 grave. Severo se recusa a custear as despesas de hospital de Ana, e Anast\u00e1cia se oferece. Antes de morrer, Ana pede que Maria, Braz e Severo se perdoem e se unam. <\/p>\n<p>Maria promete cuidar de Alice. No enterro de Ana, Braz acusa Severo de ser culpado pelo que aconteceu e garante que vingar\u00e1 a morte de sua m\u00e3e. <\/p>\n<p>Sandra sugere que Ernesto se aproxime de Candinho para aprender seus trejeitos. In\u00e1cio pede Eponina em noivado. Celso apoia Maria e a beija. Romeu chega \u00e0 fazenda. <\/p>\n<p>(*) edi\u00e7\u00e3o da Rede Globo, Novela \u201cEta Mundo Bom\u201d, sujeito a altera\u00e7\u00e3o de data e conte\u00fado.<\/p>\n","protected":false},"excerpt":{"rendered":"<p>Novela \u201cEta Mundo Bom\u201d resumo 16\/03: ap\u00f3s ter uma discuss\u00e3o com o marido e passar mal, Ana morre. Mas, antes ela pede que Maria, Braz e Severo se perdoem e se unam. Maria promete cuidar de sua irm\u00e3. Braz culpa seu pai e promete vingan\u00e7a. Celso apoia Maria neste momento dif\u00edcil e eles acabam se [&hellip;]<\/p>\n","protected":false},"author":2,"featured_media":82131,"comment_status":"open","ping_status":"closed","sticky":false,"template":"","format":"standard","meta":{"tdm_status":"","tdm_grid_status":"","footnotes":""},"categories":[379,375,343],"tags":[],"class_list":{"0":"post-82456","1":"post","2":"type-post","3":"status-publish","4":"format-standard","5":"has-post-thumbnail","7":"category-novelas","8":"category-rede-globo","9":"category-televisao"},"_links":{"self":[{"href":"https:\/\/migracao.redenoticia.com.br\/noticia\/wp-json\/wp\/v2\/posts\/82456","targetHints":{"allow":["GET"]}}],"collection":[{"href":"https:\/\/migracao.redenoticia.com.br\/noticia\/wp-json\/wp\/v2\/posts"}],"about":[{"href":"https:\/\/migracao.redenoticia.com.br\/noticia\/wp-json\/wp\/v2\/types\/post"}],"author":[{"embeddable":true,"href":"https:\/\/migracao.redenoticia.com.br\/noticia\/wp-json\/wp\/v2\/users\/2"}],"replies":[{"embeddable":true,"href":"https:\/\/migracao.redenoticia.com.br\/noticia\/wp-json\/wp\/v2\/comments?post=82456"}],"version-history":[{"count":0,"href":"https:\/\/migracao.redenoticia.com.br\/noticia\/wp-json\/wp\/v2\/posts\/82456\/revisions"}],"wp:featuredmedia":[{"embeddable":true,"href":"https:\/\/migracao.redenoticia.com.br\/noticia\/wp-json\/wp\/v2\/media\/82131"}],"wp:attachment":[{"href":"https:\/\/migracao.redenoticia.com.br\/noticia\/wp-json\/wp\/v2\/media?parent=82456"}],"wp:term":[{"taxonomy":"category","embeddable":true,"href":"https:\/\/migracao.redenoticia.com.br\/noticia\/wp-json\/wp\/v2\/categories?post=82456"},{"taxonomy":"post_tag","embeddable":true,"href":"https:\/\/migracao.redenoticia.com.br\/noticia\/wp-json\/wp\/v2\/tags?post=82456"}],"curies":[{"name":"wp","href":"https:\/\/api.w.org\/{rel}","templated":true}]}}