{"id":82458,"date":"2016-03-15T17:13:00","date_gmt":"2016-03-15T20:13:00","guid":{"rendered":"http:\/\/www.redenoticia.com.br\/noticia\/?p=82458"},"modified":"2016-03-15T17:13:00","modified_gmt":"2016-03-15T20:13:00","slug":"novela-totalmente-demais-resumo-1603-carolina-conta-segredo-para-lili","status":"publish","type":"post","link":"https:\/\/migracao.redenoticia.com.br\/noticia\/2016\/novela-totalmente-demais-resumo-1603-carolina-conta-segredo-para-lili\/82458","title":{"rendered":"Novela \u201cTotalmente Demais\u201d resumo 16\/03: Carolina conta segredo para Lili"},"content":{"rendered":"<p> <strong><em><img loading=\"lazy\" decoding=\"async\" class=\"alignleft size-thumbnail wp-image-76581\" src=\"https:\/\/migracao.redenoticia.com.br\/noticia\/imagens\/totalmente_demais_novela_resumo_globo-150x112.jpg\" alt=\"totalmente_demais_novela_resumo_globo\" width=\"150\" height=\"112\" srcset=\"https:\/\/migracao.redenoticia.com.br\/noticia\/imagens\/totalmente_demais_novela_resumo_globo-150x112.jpg 150w, https:\/\/migracao.redenoticia.com.br\/noticia\/imagens\/totalmente_demais_novela_resumo_globo-265x198.jpg 265w\" sizes=\"auto, (max-width: 150px) 100vw, 150px\" \/>Novela \u201cTotalmente Demais\u201d resumo 16\/03<\/em><\/strong>: como Germano n\u00e3o conseguiu contar para Lili que Eliza \u00e9 sua filha, Carolina comenta com Pietro que vai aproveitar a oportunidade e contar para a ex-esposa de Germano. Ela pretende contar antes que Eliza assine o contrato com a revista. Pietro pede para a amiga tomar cuidado com este assunto. Lili fica chocada. Carolina leva um tapa na cara e se v\u00ea na sarjeta, arrasada. Germano se surpreende ao ouvir de Lili que ele \u00e9 pai de Eliza, descobre tudo sobre a atitude de Carolina e tamb\u00e9m fica furioso.<\/p>\n<p>No capitulo 111, novela \u201cTotalmente Demais\u201d, quarta-feira, 16 de mar\u00e7o &#8211; Carolina comenta com Pietro que falar\u00e1 com Lili antes que Eliza assine o contrato com a revista. Max anuncia que a vit\u00f3ria de Eliza ser\u00e1 comemorada no apartamento de Arthur. <\/p>\n<p>Gilda se surpreende quando Germano lhe diz que j\u00e1 sabe que \u00e9 pai de Eliza. Gilda garante a Eliza que n\u00e3o vai se separar de Dino. D\u00e9bora se entristece ao perceber que Fabinho est\u00e1 interessado em Cassandra. <\/p>\n<p>Jonatas aconselha D\u00e9bora a contar para Fabinho que gosta dele. Carolina revela a Lili que Germano e Gilda tiveram uma filha. <\/p>\n<p>(*) edi\u00e7\u00e3o da Rede Globo, Novela \u201cTotalmente Demais\u201d, sujeito a altera\u00e7\u00e3o de data e conte\u00fado.<\/p>\n","protected":false},"excerpt":{"rendered":"<p>Novela \u201cTotalmente Demais\u201d resumo 16\/03: como Germano n\u00e3o conseguiu contar para Lili que Eliza \u00e9 sua filha, Carolina comenta com Pietro que vai aproveitar a oportunidade e contar para a ex-esposa de Germano. Ela pretende contar antes que Eliza assine o contrato com a revista. Pietro pede para a amiga tomar cuidado com este assunto. [&hellip;]<\/p>\n","protected":false},"author":2,"featured_media":76581,"comment_status":"open","ping_status":"closed","sticky":false,"template":"","format":"standard","meta":{"tdm_status":"","tdm_grid_status":"","footnotes":""},"categories":[379,375,343],"tags":[],"class_list":{"0":"post-82458","1":"post","2":"type-post","3":"status-publish","4":"format-standard","5":"has-post-thumbnail","7":"category-novelas","8":"category-rede-globo","9":"category-televisao"},"_links":{"self":[{"href":"https:\/\/migracao.redenoticia.com.br\/noticia\/wp-json\/wp\/v2\/posts\/82458","targetHints":{"allow":["GET"]}}],"collection":[{"href":"https:\/\/migracao.redenoticia.com.br\/noticia\/wp-json\/wp\/v2\/posts"}],"about":[{"href":"https:\/\/migracao.redenoticia.com.br\/noticia\/wp-json\/wp\/v2\/types\/post"}],"author":[{"embeddable":true,"href":"https:\/\/migracao.redenoticia.com.br\/noticia\/wp-json\/wp\/v2\/users\/2"}],"replies":[{"embeddable":true,"href":"https:\/\/migracao.redenoticia.com.br\/noticia\/wp-json\/wp\/v2\/comments?post=82458"}],"version-history":[{"count":0,"href":"https:\/\/migracao.redenoticia.com.br\/noticia\/wp-json\/wp\/v2\/posts\/82458\/revisions"}],"wp:featuredmedia":[{"embeddable":true,"href":"https:\/\/migracao.redenoticia.com.br\/noticia\/wp-json\/wp\/v2\/media\/76581"}],"wp:attachment":[{"href":"https:\/\/migracao.redenoticia.com.br\/noticia\/wp-json\/wp\/v2\/media?parent=82458"}],"wp:term":[{"taxonomy":"category","embeddable":true,"href":"https:\/\/migracao.redenoticia.com.br\/noticia\/wp-json\/wp\/v2\/categories?post=82458"},{"taxonomy":"post_tag","embeddable":true,"href":"https:\/\/migracao.redenoticia.com.br\/noticia\/wp-json\/wp\/v2\/tags?post=82458"}],"curies":[{"name":"wp","href":"https:\/\/api.w.org\/{rel}","templated":true}]}}