{"id":8247,"date":"2009-08-11T15:30:26","date_gmt":"2009-08-11T19:30:26","guid":{"rendered":"http:\/\/www.redenoticia.com.br\/noticia\/?p=8247"},"modified":"2009-08-11T15:30:26","modified_gmt":"2009-08-11T19:30:26","slug":"procon-multa-petropolis-e-schincariol-em-r-610-mil","status":"publish","type":"post","link":"https:\/\/migracao.redenoticia.com.br\/noticia\/2009\/procon-multa-petropolis-e-schincariol-em-r-610-mil\/8247","title":{"rendered":"Procon multa Petr\u00f3polis e Schincariol em R$ 610 mil"},"content":{"rendered":"<p align=\"center\"><em>Cervejarias s\u00e3o acusadas de realizarem propaganda enganosa e abusiva ao sugerir que o selo de alum\u00ednio protege de contamina\u00e7\u00e3o <\/em><\/p>\n<p>O Procon de S\u00e3o Paulo multou as cervejarias Petr\u00f3polis e Schincariol, no valor de R$ 610.986,67 cada uma, por realizarem propaganda enganosa em rela\u00e7\u00e3o ao uso do selo de alum\u00ednio. O \u00f3rg\u00e3o de defesa do consumidor, em seu auto de infra\u00e7\u00e3o, alega que ao fazerem propagandas enaltecendo as qualidades do selo as duas empresas enganam o consumidor. Isso porque a propaganda induz as pessoas a acreditarem que o selo protege totalmente de impurezas.<\/p>\n<p>Segundo o \u00f3rg\u00e3o, as duas empresas infringiram o artigo 37, par\u00e1grafo 2, do C\u00f3digo de Defesa do Consumidor. De acordo com o Procon, laudos do Cetea e estudos da Universidade de S\u00e3o Paulo n\u00e3o comprovam que a exist\u00eancia do selo seja 100% eficaz para evitar a contamina\u00e7\u00e3o das latas.<\/p>\n","protected":false},"excerpt":{"rendered":"<p>Cervejarias s\u00e3o acusadas de realizarem propaganda enganosa e abusiva ao sugerir que o selo de alum\u00ednio protege de contamina\u00e7\u00e3o O Procon de S\u00e3o Paulo multou as cervejarias Petr\u00f3polis e Schincariol, no valor de R$ 610.986,67 cada uma, por realizarem propaganda enganosa em rela\u00e7\u00e3o ao uso do selo de alum\u00ednio. O \u00f3rg\u00e3o de defesa do consumidor, [&hellip;]<\/p>\n","protected":false},"author":2,"featured_media":0,"comment_status":"open","ping_status":"open","sticky":false,"template":"","format":"standard","meta":{"tdm_status":"","tdm_grid_status":"","footnotes":""},"categories":[22,7],"tags":[],"class_list":{"0":"post-8247","1":"post","2":"type-post","3":"status-publish","4":"format-standard","6":"category-brasil","7":"category-economia"},"_links":{"self":[{"href":"https:\/\/migracao.redenoticia.com.br\/noticia\/wp-json\/wp\/v2\/posts\/8247","targetHints":{"allow":["GET"]}}],"collection":[{"href":"https:\/\/migracao.redenoticia.com.br\/noticia\/wp-json\/wp\/v2\/posts"}],"about":[{"href":"https:\/\/migracao.redenoticia.com.br\/noticia\/wp-json\/wp\/v2\/types\/post"}],"author":[{"embeddable":true,"href":"https:\/\/migracao.redenoticia.com.br\/noticia\/wp-json\/wp\/v2\/users\/2"}],"replies":[{"embeddable":true,"href":"https:\/\/migracao.redenoticia.com.br\/noticia\/wp-json\/wp\/v2\/comments?post=8247"}],"version-history":[{"count":0,"href":"https:\/\/migracao.redenoticia.com.br\/noticia\/wp-json\/wp\/v2\/posts\/8247\/revisions"}],"wp:attachment":[{"href":"https:\/\/migracao.redenoticia.com.br\/noticia\/wp-json\/wp\/v2\/media?parent=8247"}],"wp:term":[{"taxonomy":"category","embeddable":true,"href":"https:\/\/migracao.redenoticia.com.br\/noticia\/wp-json\/wp\/v2\/categories?post=8247"},{"taxonomy":"post_tag","embeddable":true,"href":"https:\/\/migracao.redenoticia.com.br\/noticia\/wp-json\/wp\/v2\/tags?post=8247"}],"curies":[{"name":"wp","href":"https:\/\/api.w.org\/{rel}","templated":true}]}}