{"id":82477,"date":"2016-03-16T10:47:46","date_gmt":"2016-03-16T13:47:46","guid":{"rendered":"http:\/\/www.redenoticia.com.br\/noticia\/?p=82477"},"modified":"2016-03-15T21:48:55","modified_gmt":"2016-03-16T00:48:55","slug":"pos-doutorado-em-matematica-aplicada-na-unesp-sao-jose-do-rio-preto","status":"publish","type":"post","link":"https:\/\/migracao.redenoticia.com.br\/noticia\/2016\/pos-doutorado-em-matematica-aplicada-na-unesp-sao-jose-do-rio-preto\/82477","title":{"rendered":"P\u00f3s-Doutorado em Matem\u00e1tica Aplicada na Unesp S\u00e3o Jos\u00e9 do Rio Preto"},"content":{"rendered":"<p> Ag\u00eancia FAPESP \u2013 O  (CeMEAI), um dos  (CEPIDs) apoiados pela FAPESP, oferece uma oportunidade de <strong><em>P\u00f3s-Doutorado com bolsa<\/em><\/strong> da Funda\u00e7\u00e3o. Candidaturas ser\u00e3o recebidas at\u00e9 28 de mar\u00e7o.<\/p>\n<p>O candidato selecionado atuar\u00e1 no Instituto de Bioci\u00eancias, Letras e Ci\u00eancias Exatas da Universidade Estadual Paulista (Ibilce-Unesp), campus S\u00e3o Jos\u00e9 do Rio Preto, junto \u00e0 equipe do projeto \u201cOtimiza\u00e7\u00e3o e Ferramentas Estat\u00edsticas para Negocia\u00e7\u00e3o Autom\u00e1tica no Mercado de Bolsas e Moedas\u201d.<\/p>\n<p>Para concorrer \u00e0 vaga \u00e9 necess\u00e1rio ter finalizado o doutorado nos \u00faltimos cinco anos ou estar prestes a finaliz\u00e1-lo. Os crit\u00e9rios de sele\u00e7\u00e3o incluem demonstrada capacidade de investiga\u00e7\u00e3o em matem\u00e1tica aplicada, estat\u00edstica, otimiza\u00e7\u00e3o ou \u00e1rea relacionada; s\u00f3lida experi\u00eancia em computa\u00e7\u00e3o; compromisso com a pesquisa colaborativa; e excelentes habilidades de comunica\u00e7\u00e3o verbal e escrita. Conhecimento anterior em m\u00e9todos quantitativos em finan\u00e7as ser\u00e1 um diferencial.<\/p>\n<p>Tamb\u00e9m \u00e9 desej\u00e1vel que o candidato tenha experi\u00eancia de trabalho em grupo de pesquisa multidisciplinar e tenha colaborado em projetos de pesquisa com empresas ou institui\u00e7\u00f5es governamentais.<\/p>\n<p>Interessados devem enviar ao Professor Geraldo Silva (gnsilva03@gmail.com), somente em arquivos PDF, os seguintes itens: carta manifestando interesse, contendo informa\u00e7\u00f5es completas de contato, ano em que finalizou o doutorado e nacionalidade\/cidadania, respondendo de forma concisa \u00e0s \u00eanfases de pesquisa e aos crit\u00e9rios acima; CV com forma\u00e7\u00e3o educacional, experi\u00eancia de investiga\u00e7\u00e3o e publica\u00e7\u00f5es; e carta de apresenta\u00e7\u00e3o, incluindo nomes e informa\u00e7\u00f5es de contato de dois profissionais que possam recomend\u00e1-lo (n\u00e3o incluir cartas de recomenda\u00e7\u00e3o).<\/p>\n<p>O assunto da mensagem deve mencionar \u201cCEPID Postdoc &#8211; SJRP\u201d.<\/p>\n<p>A oportunidade est\u00e1 publicada no endere\u00e7o .<\/p>\n<p>O selecionado receber\u00e1 bolsa de P\u00f3s-Doutorado da FAPESP no valor de R$ 6.143,40 mensais e Reserva T\u00e9cnica. A Reserva T\u00e9cnica da bolsa de PD equivale a 15% do valor anual da bolsa e tem o objetivo de atender a despesas imprevistas e diretamente relacionadas \u00e0 atividade de pesquisa.<\/p>\n<p>Caso o bolsista resida em domic\u00edlio diferente e precise se mudar para a cidade onde se localiza a institui\u00e7\u00e3o sede da pesquisa, poder\u00e1 ter direito a um Aux\u00edlio-Instala\u00e7\u00e3o.<\/p>\n<p>Mais informa\u00e7\u00f5es sobre a bolsa de P\u00f3s-Doutorado da FAPESP est\u00e3o dispon\u00edveis em .<\/p>\n<p>Outras vagas de bolsas de P\u00f3s-Doutorado, em diversas \u00e1reas do conhecimento, est\u00e3o no site .<\/p>\n","protected":false},"excerpt":{"rendered":"<p>Ag\u00eancia FAPESP \u2013 O (CeMEAI), um dos (CEPIDs) apoiados pela FAPESP, oferece uma oportunidade de P\u00f3s-Doutorado com bolsa da Funda\u00e7\u00e3o. Candidaturas ser\u00e3o recebidas at\u00e9 28 de mar\u00e7o. O candidato selecionado atuar\u00e1 no Instituto de Bioci\u00eancias, Letras e Ci\u00eancias Exatas da Universidade Estadual Paulista (Ibilce-Unesp), campus S\u00e3o Jos\u00e9 do Rio Preto, junto \u00e0 equipe do projeto [&hellip;]<\/p>\n","protected":false},"author":2,"featured_media":34767,"comment_status":"open","ping_status":"closed","sticky":false,"template":"","format":"standard","meta":{"tdm_status":"","tdm_grid_status":"","footnotes":""},"categories":[22,370,353],"tags":[],"class_list":{"0":"post-82477","1":"post","2":"type-post","3":"status-publish","4":"format-standard","5":"has-post-thumbnail","7":"category-brasil","8":"category-inscricao","9":"category-oportunidades"},"_links":{"self":[{"href":"https:\/\/migracao.redenoticia.com.br\/noticia\/wp-json\/wp\/v2\/posts\/82477","targetHints":{"allow":["GET"]}}],"collection":[{"href":"https:\/\/migracao.redenoticia.com.br\/noticia\/wp-json\/wp\/v2\/posts"}],"about":[{"href":"https:\/\/migracao.redenoticia.com.br\/noticia\/wp-json\/wp\/v2\/types\/post"}],"author":[{"embeddable":true,"href":"https:\/\/migracao.redenoticia.com.br\/noticia\/wp-json\/wp\/v2\/users\/2"}],"replies":[{"embeddable":true,"href":"https:\/\/migracao.redenoticia.com.br\/noticia\/wp-json\/wp\/v2\/comments?post=82477"}],"version-history":[{"count":0,"href":"https:\/\/migracao.redenoticia.com.br\/noticia\/wp-json\/wp\/v2\/posts\/82477\/revisions"}],"wp:featuredmedia":[{"embeddable":true,"href":"https:\/\/migracao.redenoticia.com.br\/noticia\/wp-json\/wp\/v2\/media\/34767"}],"wp:attachment":[{"href":"https:\/\/migracao.redenoticia.com.br\/noticia\/wp-json\/wp\/v2\/media?parent=82477"}],"wp:term":[{"taxonomy":"category","embeddable":true,"href":"https:\/\/migracao.redenoticia.com.br\/noticia\/wp-json\/wp\/v2\/categories?post=82477"},{"taxonomy":"post_tag","embeddable":true,"href":"https:\/\/migracao.redenoticia.com.br\/noticia\/wp-json\/wp\/v2\/tags?post=82477"}],"curies":[{"name":"wp","href":"https:\/\/api.w.org\/{rel}","templated":true}]}}