{"id":82498,"date":"2016-03-16T14:30:32","date_gmt":"2016-03-16T17:30:32","guid":{"rendered":"http:\/\/www.redenoticia.com.br\/noticia\/?p=82498"},"modified":"2016-03-16T14:30:32","modified_gmt":"2016-03-16T17:30:32","slug":"novela-cuidado-com-o-anjo-resumo-1703-malu-chora-por-ciumes-de-branca","status":"publish","type":"post","link":"https:\/\/migracao.redenoticia.com.br\/noticia\/2016\/novela-cuidado-com-o-anjo-resumo-1703-malu-chora-por-ciumes-de-branca\/82498","title":{"rendered":"Novela \u201cCuidado com o Anjo\u201d resumo 17\/03: Mal\u00fa chora por ci\u00fames de Branca"},"content":{"rendered":"<p> <img loading=\"lazy\" decoding=\"async\" src=\"https:\/\/migracao.redenoticia.com.br\/noticia\/imagens\/cuidado-com-o-anjo-novela-resumo-capitulo-sbt-episodio-150x112.jpg\" alt=\"cuidado com o anjo novela resumo capitulo sbt episodio\" width=\"150\" height=\"112\" class=\"alignleft size-thumbnail wp-image-82049\" srcset=\"https:\/\/migracao.redenoticia.com.br\/noticia\/imagens\/cuidado-com-o-anjo-novela-resumo-capitulo-sbt-episodio-150x112.jpg 150w, https:\/\/migracao.redenoticia.com.br\/noticia\/imagens\/cuidado-com-o-anjo-novela-resumo-capitulo-sbt-episodio-265x198.jpg 265w\" sizes=\"auto, (max-width: 150px) 100vw, 150px\" \/><strong><em>Novela \u201cCuidado com o Anjo\u201d resumo 17\/03<\/em><\/strong>: Beth convida Mal\u00fa para ser sua madrinha de casamento enquanto Israel convida Jo\u00e3o Miguel. Em um ataque de ci\u00fames, Leopardo pro\u00edbe Mal\u00fa de ir ao casamento, mas depois aceita, com a condi\u00e7\u00e3o que ele a acompanhe. No dia do casamento, Leopardo e Mal\u00fa ficam surpresos com a transforma\u00e7\u00e3o de Branca. Ao v\u00ea-la chegar de bra\u00e7o dado com Jo\u00e3o Miguel, Malu fica chateada. Ao voltar para casa, Mal\u00fa chora por ci\u00fames de Branca. Logo depois, Branca e Jo\u00e3o Miguel decidem ter uma conversa sincera e admitem seus sentimentos por Mal\u00fa e Leopardo.<\/p>\n<p>No capitulo 079 (*), novela \u201cCuidado com o Anjo\u201d, quinta-feira, 17 de mar\u00e7o &#8211; Patr\u00edcio diz a Cec\u00edlia que jamais aceitar\u00e1 Mal\u00fa como sua filha e pergunta a ela quando quer que deixe a casa. Estef\u00e2nia e Isabela planejam a morte de Mal\u00fa. Of\u00e9lia convida a neta para uma viagem ao interior. Mal\u00fa acompanha a m\u00e3e at\u00e9 a mans\u00e3o para evitar que Patr\u00edcio deixe a casa. Jo\u00e3o Miguel diz a Branca que est\u00e1 convencido que Leopardo ainda a ama e que, de agora em diante, n\u00e3o viver\u00e1 trancada para que possa encontrar a si mesma. Mal\u00fa confessa a Candel\u00e1ria que ama sua m\u00e3e e j\u00e1 n\u00e3o sente rancor por ela. Israel pede a Jo\u00e3o Miguel que seja seu padrinho de casamento, enquanto Beth pede a Mal\u00fa que seja sua madrinha. Leopardo procura Branca e tenta encontrar nela algo de Ivete. <\/p>\n<p>Estef\u00e2nia fica furiosa quando Patr\u00edcio pede a ela que n\u00e3o fale mal de Mal\u00fa. Leopardo conta a Mal\u00fa que Jo\u00e3o Miguel j\u00e1 sabe o que aconteceu entre ele e Branca e afirma que seus sentimentos em rela\u00e7\u00e3o a ela n\u00e3o mudaram. Depois, num ataque de ci\u00fames, pro\u00edbe Mal\u00fa de ir ao casamento de Beth e Israel. Mal\u00fa comunica a Leopardo, que ela e Jo\u00e3o Miguel ser\u00e3o os padrinhos de casamento de Beth e Israel. A princ\u00edpio o rapaz tenta impedi-la, mas depois aceita com a condi\u00e7\u00e3o que ele a acompanhe. Jo\u00e3o Miguel comenta com padre Anselmo que acredita que Branca ainda ama Leopardo e que, se isso for verdade, lhe daria uma esperan\u00e7a para reconquistar o amor de Mal\u00fa. <\/p>\n<p>Estef\u00e2nia fica sabendo que Mal\u00fa e Jo\u00e3o Miguel ser\u00e3o os padrinhos de casamento de Beth e Israel e, junto com Isabela, decidem colocar em pr\u00e1tica o plano para elimin\u00e1-la. Of\u00e9lia aproveita que todos foram ao casamento para dar in\u00edcio no plano para enlouquecer Branca. Leopardo e Mal\u00fa ficam surpresos com a transforma\u00e7\u00e3o de Branca, ao v\u00ea-la chegar de bra\u00e7o dado com Jo\u00e3o Miguel. Amador pede Beatriz em casamento, mas ela n\u00e3o aceita. Ao voltar para casa, Mal\u00fa chora por ci\u00fames de Branca. Candel\u00e1ria pergunta se est\u00e1 enciumada por causa de Jo\u00e3o Miguel ou Leopardo. <\/p>\n<p>(*) edi\u00e7\u00e3o do SBT, Novela \u201cCuidado com o Anjo\u201d, sujeito a altera\u00e7\u00e3o de data e conte\u00fado.<\/p>\n","protected":false},"excerpt":{"rendered":"<p>Novela \u201cCuidado com o Anjo\u201d resumo 17\/03: Beth convida Mal\u00fa para ser sua madrinha de casamento enquanto Israel convida Jo\u00e3o Miguel. Em um ataque de ci\u00fames, Leopardo pro\u00edbe Mal\u00fa de ir ao casamento, mas depois aceita, com a condi\u00e7\u00e3o que ele a acompanhe. No dia do casamento, Leopardo e Mal\u00fa ficam surpresos com a transforma\u00e7\u00e3o [&hellip;]<\/p>\n","protected":false},"author":2,"featured_media":82049,"comment_status":"open","ping_status":"closed","sticky":false,"template":"","format":"standard","meta":{"tdm_status":"","tdm_grid_status":"","footnotes":""},"categories":[379,372,343],"tags":[],"class_list":{"0":"post-82498","1":"post","2":"type-post","3":"status-publish","4":"format-standard","5":"has-post-thumbnail","7":"category-novelas","8":"category-sbt","9":"category-televisao"},"_links":{"self":[{"href":"https:\/\/migracao.redenoticia.com.br\/noticia\/wp-json\/wp\/v2\/posts\/82498","targetHints":{"allow":["GET"]}}],"collection":[{"href":"https:\/\/migracao.redenoticia.com.br\/noticia\/wp-json\/wp\/v2\/posts"}],"about":[{"href":"https:\/\/migracao.redenoticia.com.br\/noticia\/wp-json\/wp\/v2\/types\/post"}],"author":[{"embeddable":true,"href":"https:\/\/migracao.redenoticia.com.br\/noticia\/wp-json\/wp\/v2\/users\/2"}],"replies":[{"embeddable":true,"href":"https:\/\/migracao.redenoticia.com.br\/noticia\/wp-json\/wp\/v2\/comments?post=82498"}],"version-history":[{"count":0,"href":"https:\/\/migracao.redenoticia.com.br\/noticia\/wp-json\/wp\/v2\/posts\/82498\/revisions"}],"wp:featuredmedia":[{"embeddable":true,"href":"https:\/\/migracao.redenoticia.com.br\/noticia\/wp-json\/wp\/v2\/media\/82049"}],"wp:attachment":[{"href":"https:\/\/migracao.redenoticia.com.br\/noticia\/wp-json\/wp\/v2\/media?parent=82498"}],"wp:term":[{"taxonomy":"category","embeddable":true,"href":"https:\/\/migracao.redenoticia.com.br\/noticia\/wp-json\/wp\/v2\/categories?post=82498"},{"taxonomy":"post_tag","embeddable":true,"href":"https:\/\/migracao.redenoticia.com.br\/noticia\/wp-json\/wp\/v2\/tags?post=82498"}],"curies":[{"name":"wp","href":"https:\/\/api.w.org\/{rel}","templated":true}]}}