{"id":8250,"date":"2009-08-11T15:32:47","date_gmt":"2009-08-11T19:32:47","guid":{"rendered":"http:\/\/www.redenoticia.com.br\/noticia\/?p=8250"},"modified":"2009-08-11T15:32:47","modified_gmt":"2009-08-11T19:32:47","slug":"uma-em-cada-quatro-mulheres-sofre-com-a-calvicie","status":"publish","type":"post","link":"https:\/\/migracao.redenoticia.com.br\/noticia\/2009\/uma-em-cada-quatro-mulheres-sofre-com-a-calvicie\/8250","title":{"rendered":"Uma em cada quatro mulheres sofre com a calv\u00edcie"},"content":{"rendered":"<p>Segundo dados da Associa\u00e7\u00e3o Internacional de Tricologia, 50% dos homens brasileiros s\u00e3o calvos. Os dados s\u00e3o condizentes com os estudos da Sociedade Brasileira para Estudos do Cabelo, que afirma que 42 milh\u00f5es de homens \u2013 ou mais da metade da popula\u00e7\u00e3o masculina brasileira \u2013 sofrem com a falta de cabelos. \u00c9 da Sociedade Brasileira tamb\u00e9m que vem outro dado alarmante: uma em cada quatro mulheres tem algum tipo de calv\u00edcie. Os estudos n\u00e3o levam em conta pacientes de quimioterapia, que perdem seus cabelos por um per\u00edodo determinado pelo tratamento.<\/p>\n<p>Com tantas pessoas enfrentando a calv\u00edcie em seus mais variados n\u00edveis, surge uma oportunidade simples, r\u00e1pida e eficiente: a aplica\u00e7\u00e3o de pr\u00f3teses por meio de implantes n\u00e3o-invasivos. \u201cA t\u00e9cnica permite que, em apenas uma hora, seja aplicada uma pr\u00f3tese perfeita, que nem de longe se parece com as antigas perucas\u201d, comenta Norberto Levin, diretor da G.I.C. International Hair.<\/p>\n<p><strong>Entendendo o que s\u00e3o pr\u00f3teses capilares n\u00e3o-cir\u00fargicas<\/strong><\/p>\n<p>Norberto Levin explica que as pr\u00f3teses modernas s\u00e3o feitas uma a uma, com t\u00e9cnica de aplica\u00e7\u00e3o de cabelo humano fio a fio. As pr\u00f3teses s\u00e3o compostas por uma base de pele sint\u00e9tica hipoalerg\u00eanica, na qual \u00e9 implantado o cabelo natural. Feita de um pol\u00edmero desenvolvido com exclusividade, essa base, chamada de \u201c<em>micro skin<\/em>\u201d, tem textura semelhante \u00e0 pele humana e adapta-se perfeitamente ao formato e \u00e0 temperatura do couro cabeludo. Por isso, n\u00e3o causa o menor problema com o uso, mesmo nos dias mais quentes.<\/p>\n<p>Feita de maneira personalizada, ap\u00f3s an\u00e1lise e diagn\u00f3stico da \u00e1rea de cobertura \u2013 que pode ser parcial ou total \u2013 a pr\u00f3tese capilar substitui os cabelos com iguais caracter\u00edsticas: a espessura dos fios e a cor, incluindo fios grisalhos, s\u00e3o escolhidas e aplicadas de forma a oferecer aspecto o mais natural poss\u00edvel. Portadores de alopecia tamb\u00e9m encontram pr\u00f3teses para a regi\u00e3o das sobrancelhas. O usu\u00e1rio da pr\u00f3tese capilar n\u00e3o precisa modificar seu estilo de vida. \u201cEle pode continuar sua pr\u00e1tica de nata\u00e7\u00e3o, futebol, t\u00eanis, esportes n\u00e1uticos e at\u00e9 esportes radicais. Vida normal\u201d, diz.<\/p>\n<p>As pr\u00f3teses s\u00e3o indicadas para adultos e crian\u00e7as, tanto para aqueles que perdem definitivamente seus cabelos quanto para os que passam por problemas moment\u00e2neos, como tratamentos quimioter\u00e1picos que levam \u00e0 queda. O interessante \u00e9 que o G.I.C.. Internacional Hair possui um grande estoque de pr\u00f3teses, sendo bastante comum o cliente n\u00e3o precisar esperar por uma encomenda.<\/p>\n<p>O atendimento da G.I.C. International Hair \u00e9 personalizado e discreto. \u201cA partir de uma consulta gratuita com seus profissionais, o cliente passa por um diagn\u00f3stico no qual ser\u00e1 avaliada sua real necessidade\u201d, garante o empres\u00e1rio. Todos os produtos utilizados, incluindo os de fixa\u00e7\u00e3o, est\u00e3o autorizados pela Anvisa.<\/p>\n<p><strong> <\/strong><\/p>\n<p><strong>Manuten\u00e7\u00e3o &#8211; <\/strong>A pr\u00f3tese capilar exige manuten\u00e7\u00e3o peri\u00f3dica. O crescimento do cabelo dita a necessidade de ajustes e cuidados profissionais. \u201cEm m\u00e9dia, os clientes retornam a cada tr\u00eas ou quatro semanas\u201d, explica Levin, lembrando que h\u00e1 clientes que visitam semanalmente a G.I.C. International Hair.<\/p>\n<p>Mesmo diante de tantas vantagens, a inevit\u00e1vel compara\u00e7\u00e3o com a peruca acontece, mas desfavorece completamente este tipo de recurso. Quem explica \u00e9 o cabeleireiro Edmilson Groppo, s\u00f3cio de Levin na unidade G.I.C. International Hair localizada na regi\u00e3o da avenida Luis Carlos Berrini, no Brooklin. \u201cUma peruca \u00e9 constitu\u00edda de cabelos muitas vezes sint\u00e9ticos, colocados em tufos numa base de tela, sem nenhuma seguran\u00e7a em sua fixa\u00e7\u00e3o. A pr\u00f3tese, ao contr\u00e1rio, \u00e9 uma pel\u00edcula fin\u00edssima desenvolvida com tecnologia de \u00faltima gera\u00e7\u00e3o, na qual a implanta\u00e7\u00e3o de cabelos naturais \u00e9 feita fio a fio. Al\u00e9m disso, sua aplica\u00e7\u00e3o ao couro cabeludo d\u00e1 um aspecto absolutamente natural, com conforto e seguran\u00e7a que permitem todo tipo de movimento\u201d.<\/p>\n<p><strong>Cursos para quem quer ser profissional em pr\u00f3tese capilar na G.I.C. e tamb\u00e9m na Beauty Fair<\/strong><\/p>\n<p>J\u00e1 existe, em S\u00e3o Paulo, dois centros especializados da G.I.C.. International Hair, localizados na Alameda Santos e na Avenida Luiz Carlos Berrini. Na unidade da Alameda Santos, funciona o Centro T\u00e9cnico, no qual s\u00e3o ministrados cursos para quem deseja trabalhar com o m\u00e9todo. Cursos regionais tamb\u00e9m s\u00e3o realizados, a exemplo do que ser\u00e1 ministrado no Nordeste do Brasil em meados de agosto.<\/p>\n<p>O pr\u00f3ximo passo \u00e9 capacitar os cabeleireiros e profissionais da est\u00e9tica em eventos que re\u00fanem tais profissionais. A primeira experi\u00eancia do G.I.C.. International Hair em oferecer o curso durante um evento ser\u00e1 durante os quatro dias da Beauty Fair, em S\u00e3o Paulo (de 29 de agosto a 1\u00ba de setembro). Os profissionais t\u00e9cnicos da empresa oferecer\u00e3o aos participantes o curso completo, que tem oito horas de dura\u00e7\u00e3o. Os alunos assistem a uma aula de coloca\u00e7\u00e3o e manuten\u00e7\u00e3o. Aprender\u00e3o, ainda, a tirar moldagem da \u00e1rea calva e a cortar a pe\u00e7a (pr\u00f3tese). O curso \u00e9 complementado pelo \u201cKit Pr\u00f3tese\u201d, que inclui n\u00e3o s\u00f3 a pr\u00f3tese, mas tamb\u00e9m, o material necess\u00e1rio para fazer a manuten\u00e7\u00e3o durante seis meses; apostilas e um DVD que esclarece d\u00favidas sobre todos os procedimentos relacionados \u00e0 t\u00e9cnica. Quem passa pelo treinamento torna-se capaz de oferecer um servi\u00e7o diferenciado e bastante valorizado pelo mercado.<\/p>\n<p>O G.I.C.. International Hair tamb\u00e9m realizar\u00e1 apresenta\u00e7\u00f5es ao vivo durante todo o evento. \u201c\u00c9 um modo de mostrarmos o qu\u00e3o natural \u00e9 o resultado e o quanto podemos contribuir para a melhora da autoestima das pessoas que recuperam seus cabelos por meio da pr\u00f3tese\u201d, completa Levin.<\/p>\n<p><strong><span style=\"text-decoration: underline;\">Servi\u00e7o:<\/span><\/strong><\/p>\n<p><strong>Curso de Treinamento de Profissionais para Coloca\u00e7\u00e3o de Pr\u00f3teses Capilares, <\/strong>ministrado pelo G.I.C.. International Hair<\/p>\n<p><strong>Data e hor\u00e1rio:<\/strong> De 29 de agosto a 1\u00ba de setembro<\/p>\n<p><strong> <\/strong><\/p>\n<p><strong>Site:<\/strong> <a href=\"http:\/\/empauta.empautacomunicacao.com.br\/registra_clique.php?id=H%7C25645885%7C26737%7C37702&amp;url=http%3A%2F%2Fgicinternationalhair.com%2F\" target=\"_blank\">http:\/\/gicinternationalhair.com<\/a><\/p>\n","protected":false},"excerpt":{"rendered":"<p>Segundo dados da Associa\u00e7\u00e3o Internacional de Tricologia, 50% dos homens brasileiros s\u00e3o calvos. Os dados s\u00e3o condizentes com os estudos da Sociedade Brasileira para Estudos do Cabelo, que afirma que 42 milh\u00f5es de homens \u2013 ou mais da metade da popula\u00e7\u00e3o masculina brasileira \u2013 sofrem com a falta de cabelos. \u00c9 da Sociedade Brasileira tamb\u00e9m [&hellip;]<\/p>\n","protected":false},"author":2,"featured_media":0,"comment_status":"open","ping_status":"open","sticky":false,"template":"","format":"standard","meta":{"tdm_status":"","tdm_grid_status":"","footnotes":""},"categories":[22],"tags":[],"class_list":{"0":"post-8250","1":"post","2":"type-post","3":"status-publish","4":"format-standard","6":"category-brasil"},"_links":{"self":[{"href":"https:\/\/migracao.redenoticia.com.br\/noticia\/wp-json\/wp\/v2\/posts\/8250","targetHints":{"allow":["GET"]}}],"collection":[{"href":"https:\/\/migracao.redenoticia.com.br\/noticia\/wp-json\/wp\/v2\/posts"}],"about":[{"href":"https:\/\/migracao.redenoticia.com.br\/noticia\/wp-json\/wp\/v2\/types\/post"}],"author":[{"embeddable":true,"href":"https:\/\/migracao.redenoticia.com.br\/noticia\/wp-json\/wp\/v2\/users\/2"}],"replies":[{"embeddable":true,"href":"https:\/\/migracao.redenoticia.com.br\/noticia\/wp-json\/wp\/v2\/comments?post=8250"}],"version-history":[{"count":0,"href":"https:\/\/migracao.redenoticia.com.br\/noticia\/wp-json\/wp\/v2\/posts\/8250\/revisions"}],"wp:attachment":[{"href":"https:\/\/migracao.redenoticia.com.br\/noticia\/wp-json\/wp\/v2\/media?parent=8250"}],"wp:term":[{"taxonomy":"category","embeddable":true,"href":"https:\/\/migracao.redenoticia.com.br\/noticia\/wp-json\/wp\/v2\/categories?post=8250"},{"taxonomy":"post_tag","embeddable":true,"href":"https:\/\/migracao.redenoticia.com.br\/noticia\/wp-json\/wp\/v2\/tags?post=8250"}],"curies":[{"name":"wp","href":"https:\/\/api.w.org\/{rel}","templated":true}]}}