{"id":82500,"date":"2016-03-16T14:40:31","date_gmt":"2016-03-16T17:40:31","guid":{"rendered":"http:\/\/www.redenoticia.com.br\/noticia\/?p=82500"},"modified":"2016-03-16T14:40:31","modified_gmt":"2016-03-16T17:40:31","slug":"novela-teresa-resumo-1703-mariano-previne-luisa-sobre-teresa-e-fernando","status":"publish","type":"post","link":"https:\/\/migracao.redenoticia.com.br\/noticia\/2016\/novela-teresa-resumo-1703-mariano-previne-luisa-sobre-teresa-e-fernando\/82500","title":{"rendered":"Novela \u201cTeresa\u201d resumo 17\/03: Mariano previne Luisa sobre Teresa e Fernando"},"content":{"rendered":"<p> <img loading=\"lazy\" decoding=\"async\" src=\"https:\/\/migracao.redenoticia.com.br\/noticia\/imagens\/teresa_resumo_novela_sbt_capitulo-150x112.jpg\" alt=\"teresa_resumo_novela_sbt_capitulo\" width=\"150\" height=\"112\" class=\"alignleft size-thumbnail wp-image-82052\" srcset=\"https:\/\/migracao.redenoticia.com.br\/noticia\/imagens\/teresa_resumo_novela_sbt_capitulo-150x112.jpg 150w, https:\/\/migracao.redenoticia.com.br\/noticia\/imagens\/teresa_resumo_novela_sbt_capitulo-265x198.jpg 265w\" sizes=\"auto, (max-width: 150px) 100vw, 150px\" \/><strong><em>Novela \u201cTeresa\u201d resumo 17\/03<\/em><\/strong>: Fernando continua se envolvendo com Teresa e prop\u00f5e a Luisa adiar o casamento. Ela, triste, responde que entende a situa\u00e7\u00e3o, por ele estar ocupado com os problemas da heran\u00e7a de seu pai. Lu\u00edsa diz que ir\u00e1 apoi\u00e1-lo, como sua futura esposa. Desolada, Luisa conta para Teresa que Fernando decidiu adiar o casamento, e que o percebe muito triste ultimamente. Teresa, hip\u00f3crita, diz que a amiga deve exigir de Fernando a verdade sobre o que possa estar ocorrendo. Logo depois, Mariano escuta Teresa e Fernando marcando um encontro e alerta Arthur e Luisa.  <\/p>\n<p>No capitulo 119 (*), novela \u201cTeresa\u201d, quinta-feira, 17 de mar\u00e7o &#8211; Fernando, zangado, pergunta a Arthur se ele tem alguma rela\u00e7\u00e3o com Lucia, pois os viu abra\u00e7ados. Arthur responde que eles apenas formam uma boa equipe de trabalho, e festeja que o neg\u00f3cio com os alem\u00e3es os saiu muito bem. Arthur diz que ama Teresa e n\u00e3o quer perd\u00ea-la. Arthur diz a Rubens que est\u00e1 certo que ele est\u00e1 por tr\u00e1s do sequestro do filho de Esperan\u00e7a e que, se isso se confirmar, ele ir\u00e1 passar at\u00e9 o \u00faltimo dia de sua vida na cadeia. Rubens responde que apesar de querer muito seu filho, deseja conseguir pelas vias legais. Fernando diz a Luisa que o melhor \u00e9 que adiem o casamento. Luisa, triste, responde que entende a situa\u00e7\u00e3o, por Fernando estar ocupado com os problemas da heran\u00e7a de seu pai. Ela diz que ir\u00e1 apoi\u00e1-lo, como sua futura esposa. <\/p>\n<p>Aurora diz a Mariano que tem sido t\u00e3o feliz todo esse tempo que isso parece um sonho, e teme voltar a realidade quando eles regressem para a cidade. Mariano responde que seu amor \u00e9 uma realidade e quer dividir tudo com ela, todos os dias. Rubens, furioso, diz a Genoveva que acreditam que ele seja o principal suspeito do sequestro do filho de Esperan\u00e7a. Renan tenta confortar Esperan\u00e7a por seu de seu filho perdido. Arthur informa Teresa sobre o sequestro de Rodrigo, ela questiona se j\u00e1 pediram resgate, Arthur completa dizendo que j\u00e1 descartaram que a crian\u00e7a tenha sido levada por Rubens. <\/p>\n<p>Heitor, furioso, diz a Mariano que j\u00e1 havia o dito que n\u00e3o o queria em sua casa, Mariano responde que Aurora o deu uma oportunidade e eles est\u00e3o namorando. Luisa, desolada, diz a Teresa que Fernando decidiu adiar o casamento, e o percebe muito triste ultimamente. Teresa, hip\u00f3crita, diz que a amiga deve exigir de Fernando a verdade sobre o que possa estar ocorrendo. Rubens culpa Esperan\u00e7a pelo sequestro de seu filho, ela responde que tem certeza que, se n\u00e3o foi ele quem o levou, foi algu\u00e9m a seu mando. Aurora diz a A\u00edda que Mariano e ela s\u00e3o namorados. Mariano escuta Teresa e Fernando combinando de se encontrarem, e pede a bela que n\u00e3o fa\u00e7a com Arthur, o que fez com ele. Arthur, furioso, exige que Mariano o conte o que est\u00e1 havendo. <\/p>\n<p>(*) edi\u00e7\u00e3o do SBT, Novela \u201cTeresa\u201d, sujeito a altera\u00e7\u00e3o de data e conte\u00fado.<\/p>\n","protected":false},"excerpt":{"rendered":"<p>Novela \u201cTeresa\u201d resumo 17\/03: Fernando continua se envolvendo com Teresa e prop\u00f5e a Luisa adiar o casamento. Ela, triste, responde que entende a situa\u00e7\u00e3o, por ele estar ocupado com os problemas da heran\u00e7a de seu pai. Lu\u00edsa diz que ir\u00e1 apoi\u00e1-lo, como sua futura esposa. Desolada, Luisa conta para Teresa que Fernando decidiu adiar o [&hellip;]<\/p>\n","protected":false},"author":2,"featured_media":82052,"comment_status":"open","ping_status":"closed","sticky":false,"template":"","format":"standard","meta":{"tdm_status":"","tdm_grid_status":"","footnotes":""},"categories":[379,372,343],"tags":[],"class_list":{"0":"post-82500","1":"post","2":"type-post","3":"status-publish","4":"format-standard","5":"has-post-thumbnail","7":"category-novelas","8":"category-sbt","9":"category-televisao"},"_links":{"self":[{"href":"https:\/\/migracao.redenoticia.com.br\/noticia\/wp-json\/wp\/v2\/posts\/82500","targetHints":{"allow":["GET"]}}],"collection":[{"href":"https:\/\/migracao.redenoticia.com.br\/noticia\/wp-json\/wp\/v2\/posts"}],"about":[{"href":"https:\/\/migracao.redenoticia.com.br\/noticia\/wp-json\/wp\/v2\/types\/post"}],"author":[{"embeddable":true,"href":"https:\/\/migracao.redenoticia.com.br\/noticia\/wp-json\/wp\/v2\/users\/2"}],"replies":[{"embeddable":true,"href":"https:\/\/migracao.redenoticia.com.br\/noticia\/wp-json\/wp\/v2\/comments?post=82500"}],"version-history":[{"count":0,"href":"https:\/\/migracao.redenoticia.com.br\/noticia\/wp-json\/wp\/v2\/posts\/82500\/revisions"}],"wp:featuredmedia":[{"embeddable":true,"href":"https:\/\/migracao.redenoticia.com.br\/noticia\/wp-json\/wp\/v2\/media\/82052"}],"wp:attachment":[{"href":"https:\/\/migracao.redenoticia.com.br\/noticia\/wp-json\/wp\/v2\/media?parent=82500"}],"wp:term":[{"taxonomy":"category","embeddable":true,"href":"https:\/\/migracao.redenoticia.com.br\/noticia\/wp-json\/wp\/v2\/categories?post=82500"},{"taxonomy":"post_tag","embeddable":true,"href":"https:\/\/migracao.redenoticia.com.br\/noticia\/wp-json\/wp\/v2\/tags?post=82500"}],"curies":[{"name":"wp","href":"https:\/\/api.w.org\/{rel}","templated":true}]}}