{"id":82502,"date":"2016-03-16T14:45:24","date_gmt":"2016-03-16T17:45:24","guid":{"rendered":"http:\/\/www.redenoticia.com.br\/noticia\/?p=82502"},"modified":"2016-03-16T14:45:24","modified_gmt":"2016-03-16T17:45:24","slug":"novela-meu-coracao-e-teu-resumo-1703-helena-visita-nando","status":"publish","type":"post","link":"https:\/\/migracao.redenoticia.com.br\/noticia\/2016\/novela-meu-coracao-e-teu-resumo-1703-helena-visita-nando\/82502","title":{"rendered":"Novela \u201cMeu Cora\u00e7\u00e3o \u00e9 Teu\u201d resumo 17\/03: Helena visita Nando"},"content":{"rendered":"<p> <img loading=\"lazy\" decoding=\"async\" src=\"https:\/\/migracao.redenoticia.com.br\/noticia\/imagens\/meu_coracao_e_teu_novela_resumo_sbt-150x112.jpg\" alt=\"meu_coracao_e_teu_novela_resumo_sbt\" width=\"150\" height=\"112\" class=\"alignleft size-thumbnail wp-image-82119\" srcset=\"https:\/\/migracao.redenoticia.com.br\/noticia\/imagens\/meu_coracao_e_teu_novela_resumo_sbt-150x112.jpg 150w, https:\/\/migracao.redenoticia.com.br\/noticia\/imagens\/meu_coracao_e_teu_novela_resumo_sbt-265x198.jpg 265w\" sizes=\"auto, (max-width: 150px) 100vw, 150px\" \/><strong><em>Novela \u201cMeu Cora\u00e7\u00e3o \u00e9 Teu\u201d resumo 17\/03<\/em><\/strong>: ap\u00f3s sofrer um s\u00e9rio acidente de carro e ficar em um estado grave, Nando se recupera e volta para sua casa. Seus irm\u00e3os o recebem carinhosamente, enquanto Fernando e Ana falam que nada vale mais que sua vida. Helena visita Nando para lhe pedir perd\u00e3o e o beija. Magoado, Nando fala que n\u00e3o sentiu nada, pois Helena \u00e9 uma pessoa vazia, e assim o melhor \u00e9 que n\u00e3o se vejam mais. Logo depois, Nando fala com Ana e a diz que doeu muito o que passou com Helena, mas que tirou uma grande li\u00e7\u00e3o disso.  <\/p>\n<p>No capitulo 014 (*), novela \u201cMeu Cora\u00e7\u00e3o \u00e9 Teu\u201d, quinta-feira, 17 de mar\u00e7o &#8211; Isabela e Jennifer se enfrentam no hospital e Isabela lhe d\u00e1 um tapa. Jennifer, ao inv\u00e9s de revidar, diz que n\u00e3o se rebaixar\u00e1 a seu n\u00edvel. Mais tarde, Jennifer diz a Ana que est\u00e1 preocupada com Jonnhy, pois desde que ele e Ana terminaram ele n\u00e3o parou mais de beber. Nando segue est\u00e1vel, mas ainda em coma, os m\u00e9dicos afirmam que n\u00e3o sabem quando ele acordar\u00e1. Fernando n\u00e3o consegue dizer a Ana sobre a rela\u00e7\u00e3o que tem com Isabela. Andr\u00e9 e um amigo v\u00e3o visitar Nando. Fanny se zanga ao v\u00ea-los, dizendo que eles tamb\u00e9m t\u00eam culpa pelo estado cr\u00edtico de seu irm\u00e3o. Nando acorda e ainda meio inconsciente diz a seu pai que ele deveria se casar com Ana. <\/p>\n<p>Fernando diz a Ana que ela lembra muito sua falecida esposa, tamb\u00e9m pelo amor incondicional que mostra ter por seus filhos. Yolanda diz a Isabela que \u00e9 imprescind\u00edvel que ela \u201cganhe\u201d os filhos de Fernando, porque no momento Ana est\u00e1 na vantagem. Nando volta para a casa, e seus irm\u00e3os o recebem carinhosamente. Jonnhy tem um plano para conquistar Ana, mas pensa que n\u00e3o deve contar nada a Jennifer. Fernando e Ana falam com Nando sobre o acidente e dizem a ele que nada vale mais que sua vida. Helena vai ver Nando para lhe pedir perd\u00e3o e o beija, Nando a diz que n\u00e3o sentiu nada, pois Helena \u00e9 uma pessoa vazia, e assim o melhor \u00e9 que n\u00e3o se vejam mais. Leon leva Fanny a vila onde mora, e a apresenta Margarida, sua m\u00e3e. <\/p>\n<p>Fernando descobre um fur\u00e3o em sua cama e come\u00e7a a tossir pela alergia, ele pede explica\u00e7\u00f5es a seus filhos e os adverte que quer o animal fora de casa. Todos tentam convenc\u00ea-lo a deixar as crian\u00e7as ficarem com o fur\u00e3o e uma discuss\u00e3o tem in\u00edcio. Por fim, tudo acaba em uma briga de almofadas. Fanny diz a Ana que quer que sua primeira vez seja com Leon, ainda que tenha medo, pois sua rela\u00e7\u00e3o, segundo suas amigas, tem tudo pra dar errado por ele ser pobre e ela rica. Jennifer conta a Ana que Jonnhy pediu dinheiro a Dorival para bolarem um plano contra Ana. Nicolas pergunta a Fernando se ele \u00e9 feliz e o diz que est\u00e1 notando algo diferente nele, desde que Ana chegou a mans\u00e3o. Nicolas ainda completa dizendo que Ana seria uma m\u00e3e excepcional para seus filhos, al\u00e9m de excelente companheira para Fernando. Gustavo e Leon se enfrentam a golpes, Fanny pede a Gustavo que v\u00e1 embora, e diz a Leon que Gustavo n\u00e3o vale a pena. <\/p>\n<p>(*) edi\u00e7\u00e3o do SBT, Novela \u201cMeu Cora\u00e7\u00e3o \u00e9 Teu\u201d, sujeito a altera\u00e7\u00e3o de data e conte\u00fado.<\/p>\n","protected":false},"excerpt":{"rendered":"<p>Novela \u201cMeu Cora\u00e7\u00e3o \u00e9 Teu\u201d resumo 17\/03: ap\u00f3s sofrer um s\u00e9rio acidente de carro e ficar em um estado grave, Nando se recupera e volta para sua casa. Seus irm\u00e3os o recebem carinhosamente, enquanto Fernando e Ana falam que nada vale mais que sua vida. Helena visita Nando para lhe pedir perd\u00e3o e o beija. [&hellip;]<\/p>\n","protected":false},"author":2,"featured_media":82119,"comment_status":"open","ping_status":"closed","sticky":false,"template":"","format":"standard","meta":{"tdm_status":"","tdm_grid_status":"","footnotes":""},"categories":[379,372,343],"tags":[],"class_list":{"0":"post-82502","1":"post","2":"type-post","3":"status-publish","4":"format-standard","5":"has-post-thumbnail","7":"category-novelas","8":"category-sbt","9":"category-televisao"},"_links":{"self":[{"href":"https:\/\/migracao.redenoticia.com.br\/noticia\/wp-json\/wp\/v2\/posts\/82502","targetHints":{"allow":["GET"]}}],"collection":[{"href":"https:\/\/migracao.redenoticia.com.br\/noticia\/wp-json\/wp\/v2\/posts"}],"about":[{"href":"https:\/\/migracao.redenoticia.com.br\/noticia\/wp-json\/wp\/v2\/types\/post"}],"author":[{"embeddable":true,"href":"https:\/\/migracao.redenoticia.com.br\/noticia\/wp-json\/wp\/v2\/users\/2"}],"replies":[{"embeddable":true,"href":"https:\/\/migracao.redenoticia.com.br\/noticia\/wp-json\/wp\/v2\/comments?post=82502"}],"version-history":[{"count":0,"href":"https:\/\/migracao.redenoticia.com.br\/noticia\/wp-json\/wp\/v2\/posts\/82502\/revisions"}],"wp:featuredmedia":[{"embeddable":true,"href":"https:\/\/migracao.redenoticia.com.br\/noticia\/wp-json\/wp\/v2\/media\/82119"}],"wp:attachment":[{"href":"https:\/\/migracao.redenoticia.com.br\/noticia\/wp-json\/wp\/v2\/media?parent=82502"}],"wp:term":[{"taxonomy":"category","embeddable":true,"href":"https:\/\/migracao.redenoticia.com.br\/noticia\/wp-json\/wp\/v2\/categories?post=82502"},{"taxonomy":"post_tag","embeddable":true,"href":"https:\/\/migracao.redenoticia.com.br\/noticia\/wp-json\/wp\/v2\/tags?post=82502"}],"curies":[{"name":"wp","href":"https:\/\/api.w.org\/{rel}","templated":true}]}}