{"id":8253,"date":"2009-08-11T18:39:54","date_gmt":"2009-08-11T22:39:54","guid":{"rendered":"http:\/\/www.redenoticia.com.br\/noticia\/?p=8253"},"modified":"2009-08-11T18:39:54","modified_gmt":"2009-08-11T22:39:54","slug":"pais-recebera-800-mil-tratamentos-contra-h1n1-neste-mes-de-agosto","status":"publish","type":"post","link":"https:\/\/migracao.redenoticia.com.br\/noticia\/2009\/pais-recebera-800-mil-tratamentos-contra-h1n1-neste-mes-de-agosto\/8253","title":{"rendered":"Pa\u00eds receber\u00e1 800 mil tratamentos contra H1N1 neste m\u00eas de agosto"},"content":{"rendered":"<p align=\"center\"><em>Tempor\u00e3o, em audi\u00eancia na C\u00e2mara dos Deputados, afirmou que o estoque atende a demanda pelo medicamento; a doen\u00e7a atingiu 28 mil pessoas<\/em><\/p>\n<p>Em comiss\u00e3o geral da C\u00e2mara dos Deputados realizada nesta ter\u00e7a-feira (11), o ministro da Sa\u00fade, Jos\u00e9 Gomes Tempor\u00e3o, reafirmou a sufici\u00eancia brasileira de estoque de medicamento para tratamento de pacientes infectados pela nova gripe. Segundo o ministro, desde abril j\u00e1 foram distribu\u00eddos aos Estados 392.621 tratamentos. No mesmo per\u00edodo foram notificados 28 mil casos de algum tipo de gripe no Pa\u00eds, o que demonstra que o estoque atende plenamente a demanda pelo medicamento.<\/p>\n<p>O ministro afirmou durante audi\u00eancia que o Minist\u00e9rio da Sa\u00fade receber\u00e1 mais 800 mil tratamentos at\u00e9 o final de agosto, que ser\u00e3o imediatamente descentralizados para Estados e Munic\u00edpios. Al\u00e9m disso, outros 9 milh\u00f5es de tratamentos ser\u00e3o comprados para entrega at\u00e9 mar\u00e7o de 2010, preparando, assim, o pa\u00eds para o pr\u00f3ximo ano.\u00a0Atualmente h\u00e1 8,7 milh\u00f5es de tratamentos em estado bruto em estoque. A inten\u00e7\u00e3o do Minist\u00e9rio da Sa\u00fade \u00e9 preservar parte desse estoque, uma vez que sua validade expira apenas em 2016 \u2014 se abertos os ton\u00e9is, o prazo se reduz para 2012.<\/p>\n<p>O ministro lembrou que h\u00e1 uma constante capilariza\u00e7\u00e3o do acesso ao medicamentos, sendo responsabilidade das secretarias estaduais de sa\u00fade definir os pontos de distribui\u00e7\u00e3o dentro dos seus estados. No Rio Grande do Sul, por exemplo, foi definido um ponto de distribui\u00e7\u00e3o em cada munic\u00edpio.<\/p>\n<p>Ao condenar a banaliza\u00e7\u00e3o do uso do medicamento, Tempor\u00e3o chamou a aten\u00e7\u00e3o para um artigo publicado ontem no\u00a0<em>British Medical Journal, <\/em>que abre<em> <\/em>discuss\u00e3o para o uso do rem\u00e9dio em crian\u00e7as \u2014 o que refor\u00e7a a pol\u00edtica de uso parcimonioso da droga.<\/p>\n<p>Confira os principais pontos da fala do ministro.<\/p>\n<p><strong>ESTOQUE DOS ESTADOS<\/strong><\/p>\n<p>At\u00e9 o momento, o Minist\u00e9rio da Sa\u00fade entregou aos Estados 392.621 tratamentos completos, o suficiente para tratar 392.621 pacientes. No mesmo per\u00edodo, o Sistema \u00danico de Sa\u00fade notificou 28 mil casos de algum tipo de gripe no Brasil, de todos os tipos de gripe.. \u201cO cen\u00e1rio demonstra que a quantidade de medicamentos, o estoque em poder do Governo e a descentraliza\u00e7\u00e3o para os Estados e Munic\u00edpios atendem com folga a demanda\u201d, afirmou.<br \/>\n<strong>MAIS MEDICAMENTOS<\/strong><\/p>\n<p>Neste m\u00eas, o Minist\u00e9rio est\u00e1 recebendo do laborat\u00f3rio produtor mais 800 mil tratamentos, que est\u00e3o sendo imediatamente descentralizados para Estados e Munic\u00edpios. Al\u00e9m disso, o estoque estrat\u00e9gico \u00e9 de 8,7 milh\u00f5es de tratamentos em mat\u00e9ria-prima. O prazo de validade desse granulado vai at\u00e9 2016.\u00a0\u00a0Para 2010, tamb\u00e9m est\u00e1 sendo negociada a compra de 9 milh\u00f5es de tratamentos.<\/p>\n<p><strong>DISPONIBILIZA\u00c7\u00c3O DOS MEDICAMENTOS<\/strong><\/p>\n<p>Tempor\u00e3o ressaltou que o medicamento no Brasil \u00e9 gratuito para todas as pessoas que dele necessitem. Tamb\u00e9m afirmou que algumas cr\u00edticas irrespons\u00e1veis t\u00eam sido feitas em rela\u00e7\u00e3o \u00e0 disponibiliza\u00e7\u00e3o do medicamento que pedem a banaliza\u00e7\u00e3o do uso do medicamento. O Minist\u00e9rio manter\u00e1 a posi\u00e7\u00e3o atual, respaldada pela Organiza\u00e7\u00e3o Mundial de Sa\u00fade, de evitar o uso indiscriminado do antiviral. N\u00e3o se pode usar indiscriminadamente o medicamento dispon\u00edvel para tratar uma doen\u00e7a cujo v\u00edrus causador pode vir a apresentar uma muta\u00e7\u00e3o tornando-a mais grave, explicou. Casos de resist\u00eancia foram reportados no Canad\u00e1, Jap\u00e3o, Dinamarca e China, em Hong Kong. Ainda citou pesquisas feitas nos Estados Unidos que, recentemente, indicam que o v\u00edrus da influenza sazonal A apresenta 99% de resist\u00eancia ao osetalmivir, medicamento usado no combate \u00e0 doen\u00e7a.<\/p>\n<p><strong>CAPILARIZA\u00c7\u00c3O DE DISTRIBUI\u00c7\u00c3O<\/strong><\/p>\n<p>O ministro citou que h\u00e1 uma cont\u00ednua a\u00e7\u00e3o para a capilariza\u00e7\u00e3o do acesso aos medicamentos. Citou, por exemplo, o Rio de Janeiro, onde foram estabelecidos 57 pontos de distribui\u00e7\u00e3o, envolvendo hospitais, UPAs e unidades do Corpo de Bombeiros. No Rio Grande do Sul, s\u00e3o 978 pontos, pelo menos 1 em cada Munic\u00edpio. Em S\u00e3o Paulo, 224 pontos de distribui\u00e7\u00e3o: AMAs, hospitais, N\u00facleos de Assist\u00eancia Farmac\u00eautica, N\u00facleos Regionais de Sa\u00fade. No Paran\u00e1, a secretaria estadual est\u00e1 repassando os medicamentos para 22 centros regionais de sa\u00fade que se encarregam de fazer chegar aos pontos de distribui\u00e7\u00e3o.<br \/>\n<strong>TRATAMENTO PARA CRIAN\u00c7AS<\/strong><\/p>\n<p>O ministro chamou aten\u00e7\u00e3o para um artigo publicado ontem no\u00a0<em>British Medical Journal, <\/em>uma revis\u00e3o de tudo o que foi estudado sobre o v\u00edrus da influenza A (H1N1) e o efeito dos dois medicamentos para combater a doen\u00e7a \u2014 o osetalmirir e o zanamivir \u2014 , em crian\u00e7as com menos de 12 anos. O estudo demonstrou que, em crian\u00e7as at\u00e9 12 anos, existe um pequeno e curto benef\u00edcio do seu uso na influenza sazonal, com baixo efeito, na exacerba\u00e7\u00e3o da asma ou no uso de antibi\u00f3ticos, e apresentando s\u00e9rios problemas de efeitos colaterais.<br \/>\nPara o H1N1, esses dados t\u00eam de ser confirmados, mas isso desencadeou, por exemplo, na Inglaterra, uma grande discuss\u00e3o sobre a seguran\u00e7a e crit\u00e9rios de uso.<\/p>\n<p><strong> <\/strong><\/p>\n<p><strong>\u00d3BITOS<\/strong><\/p>\n<p>O ministro alertou para a exist\u00eancia de algumas an\u00e1lises equivocadas sobre taxa de \u00f3bitos.\u00a0\u00a0Ele lembrou que n\u00e3o \u00e9 poss\u00edvel utilizar o n\u00famero total de \u00f3bitos no Brasil e tentar fazer um\u00a0<em>ranking<\/em> a partir dos casos confirmados. Isso porque, no mundo, hoje, n\u00e3o se confirmam mais casos leves da doen\u00e7a.\u00a0\u00a0Se deixo de contar as pessoas que est\u00e3o contraindo a doen\u00e7a e conto apenas o n\u00famero de \u00f3bitos, evidentemente crio uma distor\u00e7\u00e3o brutal\u201d, disse.\u00a0\u00a0A an\u00e1lise correta, explicou, \u00e9 a taxa de mortalidade, ou seja, o n\u00famero de \u00f3bitos por 100 mil habitantes.\u00a0\u00a0\u00a0A Argentina, por exemplo, com 338 \u00f3bitos registrados, tem uma taxa de mortalidade de 0,84%; o Chile, de 0,61%; e os Estados Unidos, com 436 \u00f3bitos, uma taxa de mortalidade de 0,14%. No Brasil, est\u00e1 sendo divulgado nesta ter\u00e7a-feira o n\u00famero de 192 \u00f3bitos confirmados, com uma taxa de mortalidade no Pa\u00eds de 0,09%. O M\u00e9xico tem uma taxa de mortalidade de 0,05%. Ou seja, esses n\u00fameros mostram que a taxa de mortalidade no Brasil est\u00e1 na m\u00e9dia de outros pa\u00edses e abaixo da apresentada pelos Estados Unidos, pelo Chile e pela Argentina, por exemplo.<\/p>\n<p><strong>GESTANTES<\/strong><br \/>\nDo total de \u00f3bitos registrados at\u00e9 o momento no Brasil, 28% s\u00e3o de gestantes, 14,5% do total. Tempor\u00e3o enfatizou que outras 107 gestantes que adquiriram o novo v\u00edrus foram curadas: evolu\u00edram bem, receberam alta e n\u00e3o tiveram complica\u00e7\u00e3o maior. O ministro apresentou dados da pasta que demonstram que\u00a0\u00a030% das gestantes que foram a \u00f3bito apresentaram pelo menos um fator de risco adicional, o que contribuiu para uma evolu\u00e7\u00e3o ruim do caso.\u00a0\u00a0\u00a0\u201cQuero chamar aten\u00e7\u00e3o de que, desde o in\u00edcio, o protocolo do MS determina que o antiviral seja dado \u00e0s gr\u00e1vidas mesmo que o estado de sa\u00fade n\u00e3o esteja grave, de acordo com avalia\u00e7\u00e3o m\u00e9dica. O protocolo recomenda aten\u00e7\u00e3o especial \u00e0s gr\u00e1vidas, independentemente do per\u00edodo de gesta\u00e7\u00e3o\u201d, afirmou o ministro.<br \/>\n<strong>VACINA<\/strong><br \/>\nO Brasil produzir\u00e1 a vacina no Instituto Butantan, em S\u00e3o Paulo. \u201cSomos um dos poucos pa\u00edses em desenvolvimento que possui estrutura fabril, estrutura t\u00e9cnico-cient\u00edfica\u201d, disse Tempor\u00e3o. Segundo ele, como o Butantan n\u00e3o ter\u00e1 condi\u00e7\u00f5es estruturais fabris de atender a toda a demanda do Brasil, ser\u00e1 feito um mix de compra: a vacina pronta de alguns laborat\u00f3rios e a produ\u00e7\u00e3o do instituto.<\/p>\n<p><strong>DESAFIOS<\/strong><\/p>\n<p>Dos desafios atuais, o ministro considera que o principal deles \u00e9 atender o aumento da demanda em busca de aten\u00e7\u00e3o m\u00e9dico-hospitalar. Nesse momento, a conduta \u2014 Governo, secret\u00e1rios, gestores, Parlamentares, m\u00eddia \u2014 deve ser fortemente focada na educa\u00e7\u00e3o, na informa\u00e7\u00e3o de qualidade e na orienta\u00e7\u00e3o.\u00a0\u00a0O ministro considerou que alguns Estados est\u00e3o lan\u00e7ando m\u00e3o de alternativas interessantes, como\u00a0<em>hotlines <\/em>e servi\u00e7os 0800, para orientar as pessoas e capilarizando a rede de atendimento.<\/p>\n","protected":false},"excerpt":{"rendered":"<p>Tempor\u00e3o, em audi\u00eancia na C\u00e2mara dos Deputados, afirmou que o estoque atende a demanda pelo medicamento; a doen\u00e7a atingiu 28 mil pessoas Em comiss\u00e3o geral da C\u00e2mara dos Deputados realizada nesta ter\u00e7a-feira (11), o ministro da Sa\u00fade, Jos\u00e9 Gomes Tempor\u00e3o, reafirmou a sufici\u00eancia brasileira de estoque de medicamento para tratamento de pacientes infectados pela nova [&hellip;]<\/p>\n","protected":false},"author":2,"featured_media":0,"comment_status":"open","ping_status":"open","sticky":false,"template":"","format":"standard","meta":{"tdm_status":"","tdm_grid_status":"","footnotes":""},"categories":[22,5],"tags":[],"class_list":{"0":"post-8253","1":"post","2":"type-post","3":"status-publish","4":"format-standard","6":"category-brasil","7":"category-saude-e-vida"},"_links":{"self":[{"href":"https:\/\/migracao.redenoticia.com.br\/noticia\/wp-json\/wp\/v2\/posts\/8253","targetHints":{"allow":["GET"]}}],"collection":[{"href":"https:\/\/migracao.redenoticia.com.br\/noticia\/wp-json\/wp\/v2\/posts"}],"about":[{"href":"https:\/\/migracao.redenoticia.com.br\/noticia\/wp-json\/wp\/v2\/types\/post"}],"author":[{"embeddable":true,"href":"https:\/\/migracao.redenoticia.com.br\/noticia\/wp-json\/wp\/v2\/users\/2"}],"replies":[{"embeddable":true,"href":"https:\/\/migracao.redenoticia.com.br\/noticia\/wp-json\/wp\/v2\/comments?post=8253"}],"version-history":[{"count":0,"href":"https:\/\/migracao.redenoticia.com.br\/noticia\/wp-json\/wp\/v2\/posts\/8253\/revisions"}],"wp:attachment":[{"href":"https:\/\/migracao.redenoticia.com.br\/noticia\/wp-json\/wp\/v2\/media?parent=8253"}],"wp:term":[{"taxonomy":"category","embeddable":true,"href":"https:\/\/migracao.redenoticia.com.br\/noticia\/wp-json\/wp\/v2\/categories?post=8253"},{"taxonomy":"post_tag","embeddable":true,"href":"https:\/\/migracao.redenoticia.com.br\/noticia\/wp-json\/wp\/v2\/tags?post=8253"}],"curies":[{"name":"wp","href":"https:\/\/api.w.org\/{rel}","templated":true}]}}