{"id":8261,"date":"2009-08-11T18:50:37","date_gmt":"2009-08-11T22:50:37","guid":{"rendered":"http:\/\/www.redenoticia.com.br\/noticia\/?p=8261"},"modified":"2009-08-11T18:50:37","modified_gmt":"2009-08-11T22:50:37","slug":"sao-bernardo-do-campo-e-sede-do-4%c2%ba-seminario-internacional-de-educacao-infantil","status":"publish","type":"post","link":"https:\/\/migracao.redenoticia.com.br\/noticia\/2009\/sao-bernardo-do-campo-e-sede-do-4%c2%ba-seminario-internacional-de-educacao-infantil\/8261","title":{"rendered":"S\u00e3o Bernardo do Campo \u00e9 sede do 4\u00ba Semin\u00e1rio Internacional de Educa\u00e7\u00e3o Infantil"},"content":{"rendered":"<p>A REDSOLARE Brasil e a \u00d3pera C\u00f4mica promovem o\u00a0<strong><em>4\u00ba Semin\u00e1rio Internacional de Educa\u00e7\u00e3o Infantil \u2013 Di\u00e1logos pela Inf\u00e2ncia \u2013 Fortalecendo Redes e Construindo<\/em><\/strong> <strong><em>Saberes Para a Pr\u00e1tica Educativa<\/em><\/strong>, nos dias 18 e 19 de agosto, em S\u00e3o Bernardo do Campo, S\u00e3o Paulo.<\/p>\n<p>Voltado para profissionais da educa\u00e7\u00e3o o evento tem como foco a crian\u00e7a, suas m\u00faltiplas linguagens e diversas formas de express\u00e3o. Na ocasi\u00e3o pesquisadores, estudiosos, professores, coordenadores pedag\u00f3gicos, diretores, auxiliares infantis e demais educadores ter\u00e3o a oportunidade de aprofundar id\u00e9ias sobre \u201cA Cultura da Inf\u00e2ncia\u201d.<\/p>\n<p>A programa\u00e7\u00e3o conta com a presen\u00e7a da pesquisadora brasileira Ana Ang\u00e9lica Albano &#8211; UNICAMP, da representante nacional da RedSOLARE Brasil, Mar\u00edlia Dourado, e tamb\u00e9m das italianas Madalena Tedeschi, pedagogista, e Francesca Manfredi, atelierista, ambas de Reggio Em\u00edlia, It\u00e1lia. As convidadas internacionais far\u00e3o parte de uma mesa redonda no dia 19, \u00e0s 19h sobre \u201cA pr\u00e1tica educativa nas escolas de educa\u00e7\u00e3o infantil de Reggio Em\u00edlia na It\u00e1lia\u201d.<\/p>\n<p>A cidade ficou mundialmente conhecida em 1991, quando a revista norte-americana Newsweek publicou uma mat\u00e9ria apontando o sistema educacional infantil de Reggio Em\u00edlia como o mais admir\u00e1vel do mundo.<\/p>\n<p>Al\u00e9m de palestras e oficinas de artes o evento recebe a exposi\u00e7\u00e3o intitulada \u201cOlhares revelando a inf\u00e2ncia\u201d. A mostra apresenta fotografias de experi\u00eancias pedag\u00f3gicas realizadas com crian\u00e7as por meio da aprendizagem l\u00fadica.<\/p>\n<p>O evento que tem como objetivo promover o interc\u00e2mbio de id\u00e9ias reunir\u00e1 cerca de 400 professores, em sua maioria da Rede Municipal de S\u00e3o Bernardo do Campo. Profissionais de cidades como: Uberl\u00e2ndia, Porto Alegre, Manaus, Curitiba e Campos de Guaytacazes, j\u00e1 confirmaram presen\u00e7a.<\/p>\n<p>As inscri\u00e7\u00f5es est\u00e3o abertas e seguem at\u00e9 o t\u00e9rmino das vagas. Os interessados podem obter informa\u00e7\u00f5es pelo site\u00a0<a href=\"http:\/\/www.operacomica.net\/\" target=\"_blank\">www.operacomica.net<\/a>, ou pelo telefone (11) 4452.1938.<\/p>\n<p><strong>Servi\u00e7o<\/strong><\/p>\n<p><strong>4\u00ba Semin\u00e1rio Internacional de Educa\u00e7\u00e3o Infantil \u2013 Di\u00e1logos pela Inf\u00e2ncia \u2013 Fortalecendo Redes e Construindo<\/strong> <strong>Saberes Para a Pr\u00e1tica Educativa<\/strong><\/p>\n<p><strong>Dias:<\/strong> 18 e 19 de agosto de 2009<\/p>\n<p><strong>Hor\u00e1rio:<\/strong> Das 18h \u00e0s 22h<\/p>\n<p><strong>Local:<\/strong> IPEC \u2013 Rua Nemer Fares Rahall, 400 \u2013 Ferraz\u00f3polis \u2013 S. Bernardo do Campo<\/p>\n<p>Informa\u00e7\u00f5es:\u00a0(11) 4452-1938 ou (11)\u00a0<strong>7356-2119<\/strong><\/p>\n","protected":false},"excerpt":{"rendered":"<p>A REDSOLARE Brasil e a \u00d3pera C\u00f4mica promovem o\u00a04\u00ba Semin\u00e1rio Internacional de Educa\u00e7\u00e3o Infantil \u2013 Di\u00e1logos pela Inf\u00e2ncia \u2013 Fortalecendo Redes e Construindo Saberes Para a Pr\u00e1tica Educativa, nos dias 18 e 19 de agosto, em S\u00e3o Bernardo do Campo, S\u00e3o Paulo. Voltado para profissionais da educa\u00e7\u00e3o o evento tem como foco a crian\u00e7a, suas [&hellip;]<\/p>\n","protected":false},"author":2,"featured_media":0,"comment_status":"open","ping_status":"open","sticky":false,"template":"","format":"standard","meta":{"tdm_status":"","tdm_grid_status":"","footnotes":""},"categories":[22],"tags":[],"class_list":{"0":"post-8261","1":"post","2":"type-post","3":"status-publish","4":"format-standard","6":"category-brasil"},"_links":{"self":[{"href":"https:\/\/migracao.redenoticia.com.br\/noticia\/wp-json\/wp\/v2\/posts\/8261","targetHints":{"allow":["GET"]}}],"collection":[{"href":"https:\/\/migracao.redenoticia.com.br\/noticia\/wp-json\/wp\/v2\/posts"}],"about":[{"href":"https:\/\/migracao.redenoticia.com.br\/noticia\/wp-json\/wp\/v2\/types\/post"}],"author":[{"embeddable":true,"href":"https:\/\/migracao.redenoticia.com.br\/noticia\/wp-json\/wp\/v2\/users\/2"}],"replies":[{"embeddable":true,"href":"https:\/\/migracao.redenoticia.com.br\/noticia\/wp-json\/wp\/v2\/comments?post=8261"}],"version-history":[{"count":0,"href":"https:\/\/migracao.redenoticia.com.br\/noticia\/wp-json\/wp\/v2\/posts\/8261\/revisions"}],"wp:attachment":[{"href":"https:\/\/migracao.redenoticia.com.br\/noticia\/wp-json\/wp\/v2\/media?parent=8261"}],"wp:term":[{"taxonomy":"category","embeddable":true,"href":"https:\/\/migracao.redenoticia.com.br\/noticia\/wp-json\/wp\/v2\/categories?post=8261"},{"taxonomy":"post_tag","embeddable":true,"href":"https:\/\/migracao.redenoticia.com.br\/noticia\/wp-json\/wp\/v2\/tags?post=8261"}],"curies":[{"name":"wp","href":"https:\/\/api.w.org\/{rel}","templated":true}]}}