{"id":8264,"date":"2009-08-11T18:52:44","date_gmt":"2009-08-11T22:52:44","guid":{"rendered":"http:\/\/www.redenoticia.com.br\/noticia\/?p=8264"},"modified":"2009-08-14T19:29:28","modified_gmt":"2009-08-14T23:29:28","slug":"a-bordo-do-seu-trio-eletrico-demolidor-ivete-sangalo-volta-ao-espirito-santo","status":"publish","type":"post","link":"https:\/\/migracao.redenoticia.com.br\/noticia\/2009\/a-bordo-do-seu-trio-eletrico-demolidor-ivete-sangalo-volta-ao-espirito-santo\/8264","title":{"rendered":"A bordo do seu trio el\u00e9trico Demolidor Ivete Sangalo volta ao Esp\u00edrito Santo"},"content":{"rendered":"<p>Ivete Sangalo volta ao do Esp\u00edrito Santo e promete agitar a cidade do Vit\u00f3ria no pr\u00f3ximo dia 15, s\u00e1bado, no parque de exposi\u00e7\u00f5es Carapina. A baiana comandar\u00e1 a festa em cima de seu novo trio el\u00e9trico, o\u00a0<strong><em>Demolidor 3, <\/em><\/strong>considerado o mais moderno e luxuoso do Brasil<strong><em>.<\/em><\/strong> O ve\u00edculo acompanha a cantora em todas suas apresenta\u00e7\u00f5es e chama muito, aten\u00e7\u00e3o devido a sua estrutura diferenciada, pois \u00e9 o primeiro trio feito todo\u00a0em alum\u00ednio, tem 130 metros quadrados de palco, passarela em volta do trio e detalhes de apartamento de luxo: lounge, , luz de cromoterapia, tr\u00eas TVs de LCD, home theater, 198 canais de TV , 5 banheiros e decora\u00e7\u00e3o com base no feng-shui.<\/p>\n<p>Ivete que est\u00e1 em fase de divulga\u00e7\u00e3o do seu novo CD e DVD \u201cPode Entrar\u201d, que j\u00e1 alcan\u00e7ou as 200 mil c\u00f3pias vendidas, com menos um m\u00eas de lan\u00e7amento. O trabalho da baiana, gravado em sua casa, tem ainda a m\u00fasica &#8220;Agora Eu J\u00e1 Sei&#8221; mais tocada nas r\u00e1dios do pa\u00eds.<\/p>\n<p>A mistura de ritmos j\u00e1 \u00e9 vista na abertura do evento, que ficar\u00e1 por conta dos DJ\u2019s Rabanada e Babaloo e do grupo Sereno, apadrinhado por Bruno e Marrone.<\/p>\n<p>O fechamento das apresenta\u00e7\u00f5es ser\u00e1 com Psirico, que tem o estilo samba-pop-percurssivo, com sucessos como Toda Boa, m\u00fasica mais tocada no carnaval de 2008. O vocalista do Psirico \u00e9 ex-percussionista da banda de Ivete. Psirico e Ivete cantam em dois trios diferentes.<\/p>\n<p>A as vendas que come\u00e7aram no dia 22 de Junho est\u00e3o bem aceleradas. Os pre\u00e7os do primeiro lote s\u00e3o R$ 60 (meia pista) e R$ 90 (meia &#8211; camarote).<\/p>\n<p><strong>Servi\u00e7o:<\/strong><\/p>\n<p>Ivete Sangalo lan\u00e7a \u2018Pode Entrar\u2019 no ES<\/p>\n<p>Abertura: DJ\u2019s Rabanada e Babaloo<\/p>\n<p>Participa\u00e7\u00f5es: Grupo Sereno e Grupo Psirico<\/p>\n<p>Dia: 15 de agosto<\/p>\n<p>Local: Parque de Exposi\u00e7\u00f5es de Carapina<\/p>\n<p>Hor\u00e1rio: a partir das 16 horas<\/p>\n<p>Ingressos: segundo lote\u2013 R$ 70 (meia pista) e R$ 1000 (meia camarote)<\/p>\n<p>Ponto de vendas: Shopping Tri\u00e2ngulo, na Praia do Canto<\/p>\n<p>Contato: 3235-3029<\/p>\n<p>Claudia Mantovani<\/p>\n","protected":false},"excerpt":{"rendered":"<p>Ivete Sangalo volta ao do Esp\u00edrito Santo e promete agitar a cidade do Vit\u00f3ria no pr\u00f3ximo dia 15, s\u00e1bado, no parque de exposi\u00e7\u00f5es Carapina. A baiana comandar\u00e1 a festa em cima de seu novo trio el\u00e9trico, o\u00a0Demolidor 3, considerado o mais moderno e luxuoso do Brasil. O ve\u00edculo acompanha a cantora em todas suas apresenta\u00e7\u00f5es [&hellip;]<\/p>\n","protected":false},"author":2,"featured_media":0,"comment_status":"open","ping_status":"open","sticky":false,"template":"","format":"standard","meta":{"tdm_status":"","tdm_grid_status":"","footnotes":""},"categories":[343],"tags":[],"class_list":{"0":"post-8264","1":"post","2":"type-post","3":"status-publish","4":"format-standard","6":"category-televisao"},"_links":{"self":[{"href":"https:\/\/migracao.redenoticia.com.br\/noticia\/wp-json\/wp\/v2\/posts\/8264","targetHints":{"allow":["GET"]}}],"collection":[{"href":"https:\/\/migracao.redenoticia.com.br\/noticia\/wp-json\/wp\/v2\/posts"}],"about":[{"href":"https:\/\/migracao.redenoticia.com.br\/noticia\/wp-json\/wp\/v2\/types\/post"}],"author":[{"embeddable":true,"href":"https:\/\/migracao.redenoticia.com.br\/noticia\/wp-json\/wp\/v2\/users\/2"}],"replies":[{"embeddable":true,"href":"https:\/\/migracao.redenoticia.com.br\/noticia\/wp-json\/wp\/v2\/comments?post=8264"}],"version-history":[{"count":0,"href":"https:\/\/migracao.redenoticia.com.br\/noticia\/wp-json\/wp\/v2\/posts\/8264\/revisions"}],"wp:attachment":[{"href":"https:\/\/migracao.redenoticia.com.br\/noticia\/wp-json\/wp\/v2\/media?parent=8264"}],"wp:term":[{"taxonomy":"category","embeddable":true,"href":"https:\/\/migracao.redenoticia.com.br\/noticia\/wp-json\/wp\/v2\/categories?post=8264"},{"taxonomy":"post_tag","embeddable":true,"href":"https:\/\/migracao.redenoticia.com.br\/noticia\/wp-json\/wp\/v2\/tags?post=8264"}],"curies":[{"name":"wp","href":"https:\/\/api.w.org\/{rel}","templated":true}]}}