{"id":8267,"date":"2009-08-11T19:06:52","date_gmt":"2009-08-11T23:06:52","guid":{"rendered":"http:\/\/www.redenoticia.com.br\/noticia\/?p=8267"},"modified":"2009-08-11T19:06:52","modified_gmt":"2009-08-11T23:06:52","slug":"deputado-de-ji-parana-defende-um-codigo-florestal-para-rondonia","status":"publish","type":"post","link":"https:\/\/migracao.redenoticia.com.br\/noticia\/2009\/deputado-de-ji-parana-defende-um-codigo-florestal-para-rondonia\/8267","title":{"rendered":"Deputado de Ji-Paran\u00e1 defende um C\u00f3digo Florestal para Rond\u00f4nia"},"content":{"rendered":"<p>O deputado estadual Jesualdo Pires (PSB &#8211; Ji-Paran\u00e1) disse hoje que a cria\u00e7\u00e3o de um C\u00f3digo Florestal para o Estado de Rond\u00f4nia tem recebido apoio em todo o Estado de Rond\u00f4nia. Produtores rurais e empres\u00e1rios do setor do agroneg\u00f3cio de v\u00e1rias cidades de Rond\u00f4nia t\u00eam se mostrado favor\u00e1veis a inten\u00e7\u00e3o da Assembl\u00e9ia Legislativa de criar um C\u00f3digo Florestal para o Estado.<\/p>\n<p>O clamor por um c\u00f3digo que respeite as peculiaridades do Estado ficou ainda mais forte, ap\u00f3s as declara\u00e7\u00f5es do Ministro da Agricultura, Pecu\u00e1ria e Abastecimento, Reinhold Stephanes feitas na \u00faltima semana, de que o C\u00f3digo Florestal Nacional gera inseguran\u00e7a e inviabiliza o desenvolvimento de cerca de 3 milh\u00f5es de produtores rurais que se encontram em situa\u00e7\u00e3o de irregularidade de acordo com a legisla\u00e7\u00e3o atual.<\/p>\n<p>Segundo as declara\u00e7\u00f5es do Ministro, se nada for feito, at\u00e9 o final deste ano, mais de 1 milh\u00e3o de agricultores ter\u00e3o sua atividade inviabilizada, quando entrar\u00e1 em vigor o decreto que regulamenta a Lei de Crimes Ambientais.<\/p>\n<p>Jesualdo Pires ressaltou que a Assembl\u00e9ia Legislativa por meio de seus deputados busca, a exemplo de Santa Catarina, um c\u00f3digo Florestal que d\u00ea condi\u00e7\u00f5es de desenvolvimento a todos os segmentos ligados a agricultura e que n\u00e3o martirize os milhares de produtores do Estado.<\/p>\n<p>O parlamentar ressaltou que em todos os munic\u00edpios rondonienses existem produtores que sofrem em fun\u00e7\u00e3o de uma pol\u00edtica do Minist\u00e9rio do Meio Ambiente que claramente quer inviabilizar o Estado que possui cerca de 67% de \u00e1reas preservadas.<\/p>\n<p>\u201cNenhum pa\u00eds do mundo possui tanta \u00e1rea de cobertura florestal original como Rond\u00f4nia. Para se ter uma id\u00e9ia, o Continente Africano possui pouco menos de 10% de florestas preservadas\u201d, justificou.<\/p>\n<p>Pires defende ainda que a Legisla\u00e7\u00e3o Ambiental para a cria\u00e7\u00e3o do C\u00f3digo Florestal deve ser amplamente discutida e analisada com toda a sociedade para se ter uma Lei com exig\u00eancias plaus\u00edveis e que n\u00e3o impe\u00e7a o desenvolvimento de Rond\u00f4nia.<\/p>\n","protected":false},"excerpt":{"rendered":"<p>O deputado estadual Jesualdo Pires (PSB &#8211; Ji-Paran\u00e1) disse hoje que a cria\u00e7\u00e3o de um C\u00f3digo Florestal para o Estado de Rond\u00f4nia tem recebido apoio em todo o Estado de Rond\u00f4nia. Produtores rurais e empres\u00e1rios do setor do agroneg\u00f3cio de v\u00e1rias cidades de Rond\u00f4nia t\u00eam se mostrado favor\u00e1veis a inten\u00e7\u00e3o da Assembl\u00e9ia Legislativa de criar [&hellip;]<\/p>\n","protected":false},"author":2,"featured_media":0,"comment_status":"open","ping_status":"open","sticky":false,"template":"","format":"standard","meta":{"tdm_status":"","tdm_grid_status":"","footnotes":""},"categories":[22],"tags":[],"class_list":{"0":"post-8267","1":"post","2":"type-post","3":"status-publish","4":"format-standard","6":"category-brasil"},"_links":{"self":[{"href":"https:\/\/migracao.redenoticia.com.br\/noticia\/wp-json\/wp\/v2\/posts\/8267","targetHints":{"allow":["GET"]}}],"collection":[{"href":"https:\/\/migracao.redenoticia.com.br\/noticia\/wp-json\/wp\/v2\/posts"}],"about":[{"href":"https:\/\/migracao.redenoticia.com.br\/noticia\/wp-json\/wp\/v2\/types\/post"}],"author":[{"embeddable":true,"href":"https:\/\/migracao.redenoticia.com.br\/noticia\/wp-json\/wp\/v2\/users\/2"}],"replies":[{"embeddable":true,"href":"https:\/\/migracao.redenoticia.com.br\/noticia\/wp-json\/wp\/v2\/comments?post=8267"}],"version-history":[{"count":0,"href":"https:\/\/migracao.redenoticia.com.br\/noticia\/wp-json\/wp\/v2\/posts\/8267\/revisions"}],"wp:attachment":[{"href":"https:\/\/migracao.redenoticia.com.br\/noticia\/wp-json\/wp\/v2\/media?parent=8267"}],"wp:term":[{"taxonomy":"category","embeddable":true,"href":"https:\/\/migracao.redenoticia.com.br\/noticia\/wp-json\/wp\/v2\/categories?post=8267"},{"taxonomy":"post_tag","embeddable":true,"href":"https:\/\/migracao.redenoticia.com.br\/noticia\/wp-json\/wp\/v2\/tags?post=8267"}],"curies":[{"name":"wp","href":"https:\/\/api.w.org\/{rel}","templated":true}]}}