{"id":8270,"date":"2009-08-11T19:10:59","date_gmt":"2009-08-11T23:10:59","guid":{"rendered":"http:\/\/www.redenoticia.com.br\/noticia\/?p=8270"},"modified":"2009-08-11T19:10:59","modified_gmt":"2009-08-11T23:10:59","slug":"governo-federal-reduz-oferta-do-projeto-minha-casa-minha-vida-de-ji-parana-rondonia","status":"publish","type":"post","link":"https:\/\/migracao.redenoticia.com.br\/noticia\/2009\/governo-federal-reduz-oferta-do-projeto-minha-casa-minha-vida-de-ji-parana-rondonia\/8270","title":{"rendered":"Governo Federal reduz oferta do projeto Minha Casa Minha Vida de Ji-Paran\u00e1 (Rond\u00f4nia)"},"content":{"rendered":"<p>As inscri\u00e7\u00f5es para o programa do Governo Federal \u201cMinha Casa, Minha Vida\u201d, foram encerradas \u00e0s 24 horas da \u00faltima segunda-feira, dia 10, com 8.086 cadastros registrados. O programa beneficiar\u00e1 aproximadamente 400 fam\u00edlias com renda at\u00e9 tr\u00eas sal\u00e1rios m\u00ednimos. Segundo informa\u00e7\u00f5es da Secret\u00e1ria Municipal de A\u00e7\u00e3o Social, S\u00f4nia Reigota, a princ\u00edpio havia sido anunciado que o Governo Federal beneficiaria o munic\u00edpio com mil resid\u00eancias, por\u00e9m, o programa tamb\u00e9m foi estendido aos munic\u00edpios rondonienses com mais de 50 mil habitantes, mas o n\u00famero de resid\u00eancias continua o mesmo.<\/p>\n<p>\u201cN\u00e3o podemos afirmar ao certo quantas casas ser\u00e3o destinadas a Ji-Paran\u00e1, acreditamos em um n\u00famero pr\u00f3ximo a 400 im\u00f3veis. O Governo Federal ampliou este benef\u00edcio para Jaru, Vilhena, Ariquemes, Cacoal e Rolim de Moura\u201d, explicou S\u00f4nia.<\/p>\n<p>Com a conclus\u00e3o das inscri\u00e7\u00f5es, o pr\u00f3ximo passo \u00e9\u00a0o sorteio e comprova\u00e7\u00e3o, junto \u00e0\u00a0Caixa Econ\u00f4mica Federal, da documenta\u00e7\u00e3o exigida.<\/p>\n","protected":false},"excerpt":{"rendered":"<p>As inscri\u00e7\u00f5es para o programa do Governo Federal \u201cMinha Casa, Minha Vida\u201d, foram encerradas \u00e0s 24 horas da \u00faltima segunda-feira, dia 10, com 8.086 cadastros registrados. O programa beneficiar\u00e1 aproximadamente 400 fam\u00edlias com renda at\u00e9 tr\u00eas sal\u00e1rios m\u00ednimos. Segundo informa\u00e7\u00f5es da Secret\u00e1ria Municipal de A\u00e7\u00e3o Social, S\u00f4nia Reigota, a princ\u00edpio havia sido anunciado que o [&hellip;]<\/p>\n","protected":false},"author":2,"featured_media":0,"comment_status":"open","ping_status":"open","sticky":false,"template":"","format":"standard","meta":{"tdm_status":"","tdm_grid_status":"","footnotes":""},"categories":[22],"tags":[],"class_list":{"0":"post-8270","1":"post","2":"type-post","3":"status-publish","4":"format-standard","6":"category-brasil"},"_links":{"self":[{"href":"https:\/\/migracao.redenoticia.com.br\/noticia\/wp-json\/wp\/v2\/posts\/8270","targetHints":{"allow":["GET"]}}],"collection":[{"href":"https:\/\/migracao.redenoticia.com.br\/noticia\/wp-json\/wp\/v2\/posts"}],"about":[{"href":"https:\/\/migracao.redenoticia.com.br\/noticia\/wp-json\/wp\/v2\/types\/post"}],"author":[{"embeddable":true,"href":"https:\/\/migracao.redenoticia.com.br\/noticia\/wp-json\/wp\/v2\/users\/2"}],"replies":[{"embeddable":true,"href":"https:\/\/migracao.redenoticia.com.br\/noticia\/wp-json\/wp\/v2\/comments?post=8270"}],"version-history":[{"count":0,"href":"https:\/\/migracao.redenoticia.com.br\/noticia\/wp-json\/wp\/v2\/posts\/8270\/revisions"}],"wp:attachment":[{"href":"https:\/\/migracao.redenoticia.com.br\/noticia\/wp-json\/wp\/v2\/media?parent=8270"}],"wp:term":[{"taxonomy":"category","embeddable":true,"href":"https:\/\/migracao.redenoticia.com.br\/noticia\/wp-json\/wp\/v2\/categories?post=8270"},{"taxonomy":"post_tag","embeddable":true,"href":"https:\/\/migracao.redenoticia.com.br\/noticia\/wp-json\/wp\/v2\/tags?post=8270"}],"curies":[{"name":"wp","href":"https:\/\/api.w.org\/{rel}","templated":true}]}}