{"id":82719,"date":"2016-03-21T10:25:53","date_gmt":"2016-03-21T13:25:53","guid":{"rendered":"http:\/\/www.redenoticia.com.br\/noticia\/?p=82719"},"modified":"2016-03-20T16:43:55","modified_gmt":"2016-03-20T19:43:55","slug":"as-redes-e-as-ruas-sao-tema-da-catedra-unesco-memorial-da-america-latina","status":"publish","type":"post","link":"https:\/\/migracao.redenoticia.com.br\/noticia\/2016\/as-redes-e-as-ruas-sao-tema-da-catedra-unesco-memorial-da-america-latina\/82719","title":{"rendered":"As redes e as ruas s\u00e3o tema da C\u00e1tedra Unesco Memorial da Am\u00e9rica Latina"},"content":{"rendered":"<p> Ag\u00eancia FAPESP \u2013 A C\u00e1tedra Unesco Memorial da Am\u00e9rica Latina est\u00e1 com as inscri\u00e7\u00f5es abertas para o curso de extens\u00e3o universit\u00e1ria:\u00a0<em><strong>As redes e as ruas: os novos termos do jogo pol\u00edtico e social<\/strong><\/em>. O curso ser\u00e1 realizado ao longo do primeiro semestre de 2016 e as inscri\u00e7\u00f5es encerram em 25 de mar\u00e7o.<\/p>\n<p>O curso \u00e9 voltado para alunos da gradua\u00e7\u00e3o e p\u00f3s-gradua\u00e7\u00e3o nas \u00e1reas de Ci\u00eancias Humanas, professores e profissionais que trabalham em empresas ou \u00f3rg\u00e3os p\u00fablicos com interesses espec\u00edficos no tema. Ser\u00e1 coordenado pelo cientista pol\u00edtico Marco Aur\u00e9lio Nogueira, professor titular da Universidade Estadual Paulista (Unesp), e contar\u00e1 com a participa\u00e7\u00e3o de especialistas convidados.<\/p>\n<p>Com quatro horas de aula semanais, \u00e0s quartas-feiras entre 9h e 13h, e organizado em sete aulas-confer\u00eancia e tr\u00eas mesas-redonda, o curso ser\u00e1 realizado nas instala\u00e7\u00f5es da Biblioteca Latino-Americana do Memorial da Am\u00e9rica Latina.<\/p>\n<p>As inscri\u00e7\u00f5es s\u00e3o gratuitas. Os interessados dever\u00e3o enviar c\u00f3pias do curr\u00edculum vitae, certificado de matr\u00edcula em curso de p\u00f3s-gradua\u00e7\u00e3o ou certificado de conclus\u00e3o de curso superior, RG ou equivalente legal e carta de manifesta\u00e7\u00e3o de interesse pelo curso (uma p\u00e1gina) para o e-mail catedra@memorial.sp.gov.br ou entregar pessoalmente na Biblioteca Latino-Americana do Memorial da Am\u00e9rica Latina, entre 10h e 18h, de segunda a sexta-feira, \u00e0 av. Auro Soares de Moura Andrade, 664, na Barra Funda, em S\u00e3o Paulo.<\/p>\n<p>S\u00e3o, ao todo, 100 vagas e o processo de sele\u00e7\u00e3o ser\u00e1 baseado na forma\u00e7\u00e3o escolar e no curr\u00edculo dos candidatos.<\/p>\n<p>Mais informa\u00e7\u00f5es podem ser obtidas no  do Memorial da Am\u00e9rica Latina ou com Ros\u00e2ngela Moraes ou Eduardo Farsetti, pelo endere\u00e7o eletr\u00f4nico catedra@memorial.sp.gov.br ou pelo telefone (55 11) 3823-4603.<\/p>\n","protected":false},"excerpt":{"rendered":"<p>Ag\u00eancia FAPESP \u2013 A C\u00e1tedra Unesco Memorial da Am\u00e9rica Latina est\u00e1 com as inscri\u00e7\u00f5es abertas para o curso de extens\u00e3o universit\u00e1ria:\u00a0As redes e as ruas: os novos termos do jogo pol\u00edtico e social. O curso ser\u00e1 realizado ao longo do primeiro semestre de 2016 e as inscri\u00e7\u00f5es encerram em 25 de mar\u00e7o. O curso \u00e9 [&hellip;]<\/p>\n","protected":false},"author":2,"featured_media":35036,"comment_status":"open","ping_status":"closed","sticky":false,"template":"","format":"standard","meta":{"tdm_status":"","tdm_grid_status":"","footnotes":""},"categories":[22,351,370],"tags":[],"class_list":{"0":"post-82719","1":"post","2":"type-post","3":"status-publish","4":"format-standard","5":"has-post-thumbnail","7":"category-brasil","8":"category-cursos","9":"category-inscricao"},"_links":{"self":[{"href":"https:\/\/migracao.redenoticia.com.br\/noticia\/wp-json\/wp\/v2\/posts\/82719","targetHints":{"allow":["GET"]}}],"collection":[{"href":"https:\/\/migracao.redenoticia.com.br\/noticia\/wp-json\/wp\/v2\/posts"}],"about":[{"href":"https:\/\/migracao.redenoticia.com.br\/noticia\/wp-json\/wp\/v2\/types\/post"}],"author":[{"embeddable":true,"href":"https:\/\/migracao.redenoticia.com.br\/noticia\/wp-json\/wp\/v2\/users\/2"}],"replies":[{"embeddable":true,"href":"https:\/\/migracao.redenoticia.com.br\/noticia\/wp-json\/wp\/v2\/comments?post=82719"}],"version-history":[{"count":0,"href":"https:\/\/migracao.redenoticia.com.br\/noticia\/wp-json\/wp\/v2\/posts\/82719\/revisions"}],"wp:featuredmedia":[{"embeddable":true,"href":"https:\/\/migracao.redenoticia.com.br\/noticia\/wp-json\/wp\/v2\/media\/35036"}],"wp:attachment":[{"href":"https:\/\/migracao.redenoticia.com.br\/noticia\/wp-json\/wp\/v2\/media?parent=82719"}],"wp:term":[{"taxonomy":"category","embeddable":true,"href":"https:\/\/migracao.redenoticia.com.br\/noticia\/wp-json\/wp\/v2\/categories?post=82719"},{"taxonomy":"post_tag","embeddable":true,"href":"https:\/\/migracao.redenoticia.com.br\/noticia\/wp-json\/wp\/v2\/tags?post=82719"}],"curies":[{"name":"wp","href":"https:\/\/api.w.org\/{rel}","templated":true}]}}