{"id":82725,"date":"2016-03-21T10:47:25","date_gmt":"2016-03-21T13:47:25","guid":{"rendered":"http:\/\/www.redenoticia.com.br\/noticia\/?p=82725"},"modified":"2016-03-20T16:54:16","modified_gmt":"2016-03-20T19:54:16","slug":"varizes-exigem-tratamento-adequado-para-evitar-complicacoes-alerta-medico","status":"publish","type":"post","link":"https:\/\/migracao.redenoticia.com.br\/noticia\/2016\/varizes-exigem-tratamento-adequado-para-evitar-complicacoes-alerta-medico\/82725","title":{"rendered":"Varizes exigem tratamento adequado para evitar complica\u00e7\u00f5es, alerta m\u00e9dico"},"content":{"rendered":"<p> Ao contr\u00e1rio do que muita gente acredita, <em><strong>varizes<\/strong><\/em> n\u00e3o s\u00e3o apenas um problema est\u00e9tico, mas tamb\u00e9m de sa\u00fade, e exigem tratamento correto para evitar riscos. O tratamento adequado das varizes foi um dos temas em debate no 30\u00ba Encontro de Angiologia e de Cirurgia Vascular do Rio de Janeiro.<\/p>\n<p>De acordo com o presidente da Sociedade Brasileira de Angiologia e de Cirurgia Vascular do Rio de Janeiro (SBACV-RJ), Carlos Peixoto, o tratamento depende das caracter\u00edsticas das varizes de cada paciente. \u201cTem v\u00e1rios tipos de veias, que s\u00e3o determinadas de acordo com seu calibre. De acordo com os sintomas do paciente e o calibre da veia, voc\u00ea estabelece um tipo de tratamento.\u201d<\/p>\n<p>Tratamento<\/p>\n<p>Para as veias mais finas, normalmente s\u00e3o usadas aplica\u00e7\u00f5es em consult\u00f3rio, com agulhas e seringas, \u201cutilizadas h\u00e1 mais de 50 anos, com bons resultados\u201d. O tratamento evoluiu para a utiliza\u00e7\u00e3o do laser, menos invasivo e sem agulhas.<\/p>\n<p>O tratamento para as veias de m\u00e9dio calibre inclui a radiofrequ\u00eancia ou o endolaser, em que um cateter especial \u00e9 inserido na veia afetada.<\/p>\n<p>No caso na safena, veia de maior calibre, a indica\u00e7\u00e3o \u00e9 cirurgia de forma direta ou por meio de t\u00e9cnicas de radiofrequ\u00eancia ou endolaser que efetuam o tratamento por meio de pun\u00e7\u00f5es. \u201cCom isso, voc\u00ea agride menos o paciente, que tem uma recupera\u00e7\u00e3o mais r\u00e1pida\u201d.<\/p>\n<p>A tend\u00eancia atual dos tratamentos, segundo Peixoto, \u00e9 minimizar interven\u00e7\u00f5es invasivas e cortes. \u201cHabitualmente, se faz com anestesia local e seda\u00e7\u00e3o. O paciente vai para casa e retorna \u00e0 sua vida profissional em dois ou tr\u00eas dias. \u00c9 isso que todos querem\u201d, explicou.<\/p>\n<p>Se o tratamento n\u00e3o for feito de modo correto, pode trazer complica\u00e7\u00f5es, como \u00falceras venosas, ou feridas, e insufici\u00eancia venosa cr\u00f4nica, ou ainda queimaduras, no caso do laser. Para reduzir riscos, o m\u00e9dico diz que a avalia\u00e7\u00e3o cl\u00ednica \u00e9 fundamental, seguida de exames como o eco color doopler.<\/p>\n<p>No encontro no Rio, os angiologistas discutiram e atualizaram os pontos principais do diagn\u00f3stico e tratamento das doen\u00e7as vasculares. \u201cN\u00e3o s\u00f3 as doen\u00e7as venosas, que s\u00e3o as varizes, as \u00falceras de pernas, mas tamb\u00e9m as doen\u00e7as arteriais, que determinam o acidente vascular cerebral, que \u00e9 o derrame, os aneurismas de aorta que podem romper e ter uma mortalidade muito alta, a falta de circula\u00e7\u00e3o nas pernas, chamado isquemia das art\u00e9rias das pernas, que podem determinar a gangrena\u201d, listou Peixoto.<\/p>\n<p>Al\u00e9m do tratamento, o m\u00e9dico destacou a import\u00e2ncia da preven\u00e7\u00e3o de doen\u00e7as vasculares. \u201cA gente cuida muito do cora\u00e7\u00e3o, mas n\u00e3o cuida dos vasos sangu\u00edneos\u201d, alertou.<\/p>\n<p>Alana Gandra &#8211; Rep\u00f3rter da Ag\u00eancia Brasil<br \/>\nEdi\u00e7\u00e3o: Luana Louren\u00e7o<br \/>\n21\/03\/2016<\/p>\n","protected":false},"excerpt":{"rendered":"<p>Ao contr\u00e1rio do que muita gente acredita, varizes n\u00e3o s\u00e3o apenas um problema est\u00e9tico, mas tamb\u00e9m de sa\u00fade, e exigem tratamento correto para evitar riscos. O tratamento adequado das varizes foi um dos temas em debate no 30\u00ba Encontro de Angiologia e de Cirurgia Vascular do Rio de Janeiro. De acordo com o presidente da [&hellip;]<\/p>\n","protected":false},"author":2,"featured_media":37376,"comment_status":"open","ping_status":"closed","sticky":false,"template":"","format":"standard","meta":{"tdm_status":"","tdm_grid_status":"","footnotes":""},"categories":[22,5],"tags":[],"class_list":{"0":"post-82725","1":"post","2":"type-post","3":"status-publish","4":"format-standard","5":"has-post-thumbnail","7":"category-brasil","8":"category-saude-e-vida"},"_links":{"self":[{"href":"https:\/\/migracao.redenoticia.com.br\/noticia\/wp-json\/wp\/v2\/posts\/82725","targetHints":{"allow":["GET"]}}],"collection":[{"href":"https:\/\/migracao.redenoticia.com.br\/noticia\/wp-json\/wp\/v2\/posts"}],"about":[{"href":"https:\/\/migracao.redenoticia.com.br\/noticia\/wp-json\/wp\/v2\/types\/post"}],"author":[{"embeddable":true,"href":"https:\/\/migracao.redenoticia.com.br\/noticia\/wp-json\/wp\/v2\/users\/2"}],"replies":[{"embeddable":true,"href":"https:\/\/migracao.redenoticia.com.br\/noticia\/wp-json\/wp\/v2\/comments?post=82725"}],"version-history":[{"count":0,"href":"https:\/\/migracao.redenoticia.com.br\/noticia\/wp-json\/wp\/v2\/posts\/82725\/revisions"}],"wp:featuredmedia":[{"embeddable":true,"href":"https:\/\/migracao.redenoticia.com.br\/noticia\/wp-json\/wp\/v2\/media\/37376"}],"wp:attachment":[{"href":"https:\/\/migracao.redenoticia.com.br\/noticia\/wp-json\/wp\/v2\/media?parent=82725"}],"wp:term":[{"taxonomy":"category","embeddable":true,"href":"https:\/\/migracao.redenoticia.com.br\/noticia\/wp-json\/wp\/v2\/categories?post=82725"},{"taxonomy":"post_tag","embeddable":true,"href":"https:\/\/migracao.redenoticia.com.br\/noticia\/wp-json\/wp\/v2\/tags?post=82725"}],"curies":[{"name":"wp","href":"https:\/\/api.w.org\/{rel}","templated":true}]}}