{"id":82727,"date":"2016-03-21T10:54:23","date_gmt":"2016-03-21T13:54:23","guid":{"rendered":"http:\/\/www.redenoticia.com.br\/noticia\/?p=82727"},"modified":"2016-03-20T16:58:02","modified_gmt":"2016-03-20T19:58:02","slug":"banco-central-reduzira-vendas-de-dolares-no-mercado-futuro","status":"publish","type":"post","link":"https:\/\/migracao.redenoticia.com.br\/noticia\/2016\/banco-central-reduzira-vendas-de-dolares-no-mercado-futuro\/82727","title":{"rendered":"Banco Central reduzir\u00e1 vendas de d\u00f3lares no mercado futuro"},"content":{"rendered":"<p> Sete meses depois de aumentar a rolagem (renova\u00e7\u00e3o) de <em><strong>venda de d\u00f3lares no mercado futuro<\/strong><\/em>, o Banco Central (BC) diminuir\u00e1 as interven\u00e7\u00f5es no c\u00e2mbio em 25%. A decis\u00e3o foi informada pela autoridade monet\u00e1ria.<\/p>\n<p>Nos \u00faltimos meses, o BC vinha rolando 100% das opera\u00e7\u00f5es de swap cambial, como s\u00e3o chamadas as vendas de d\u00f3lares no mercado futuro, fazendo leil\u00f5es di\u00e1rios para trocar os contratos prestes a vencer por novos contratos que vencem mais tarde. Agora, o percentual caiu para 75%.<\/p>\n<p>A decis\u00e3o do Banco Central ocorre num momento em que o d\u00f3lar tem registrado fortes quedas. Na sexta-feira (11), o d\u00f3lar fechou em R$ 3,591, no menor n\u00edvel desde agosto do ano passado. <\/p>\n<p>A decis\u00e3o ajudar\u00e1 o BC a reduzir os preju\u00edzos com as opera\u00e7\u00f5es de swap cambial e melhorar as contas p\u00fablicas. Isso porque os resultados das vendas de d\u00f3lares no mercado futuro s\u00e3o incorporados aos juros da d\u00edvida p\u00fablica.<\/p>\n<p>No ano passado, o BC teve perdas de R$ 89,6 bilh\u00f5es com as opera\u00e7\u00f5es de swap. Em 2016, o banco registrou perda de R$ 16,8 bilh\u00f5es, mas teve lucro de R$ 11,7 bilh\u00f5es em fevereiro, quando o d\u00f3lar come\u00e7ou a cair.<\/p>\n<p>Wellton M\u00e1ximo \u2013 Rep\u00f3rter da Ag\u00eancia Brasil<br \/>\nEdi\u00e7\u00e3o: Armando Cardoso<br \/>\n21\/03\/2016<\/p>\n","protected":false},"excerpt":{"rendered":"<p>Sete meses depois de aumentar a rolagem (renova\u00e7\u00e3o) de venda de d\u00f3lares no mercado futuro, o Banco Central (BC) diminuir\u00e1 as interven\u00e7\u00f5es no c\u00e2mbio em 25%. A decis\u00e3o foi informada pela autoridade monet\u00e1ria. Nos \u00faltimos meses, o BC vinha rolando 100% das opera\u00e7\u00f5es de swap cambial, como s\u00e3o chamadas as vendas de d\u00f3lares no mercado [&hellip;]<\/p>\n","protected":false},"author":2,"featured_media":57585,"comment_status":"open","ping_status":"closed","sticky":false,"template":"","format":"standard","meta":{"tdm_status":"","tdm_grid_status":"","footnotes":""},"categories":[22,7],"tags":[],"class_list":{"0":"post-82727","1":"post","2":"type-post","3":"status-publish","4":"format-standard","5":"has-post-thumbnail","7":"category-brasil","8":"category-economia"},"_links":{"self":[{"href":"https:\/\/migracao.redenoticia.com.br\/noticia\/wp-json\/wp\/v2\/posts\/82727","targetHints":{"allow":["GET"]}}],"collection":[{"href":"https:\/\/migracao.redenoticia.com.br\/noticia\/wp-json\/wp\/v2\/posts"}],"about":[{"href":"https:\/\/migracao.redenoticia.com.br\/noticia\/wp-json\/wp\/v2\/types\/post"}],"author":[{"embeddable":true,"href":"https:\/\/migracao.redenoticia.com.br\/noticia\/wp-json\/wp\/v2\/users\/2"}],"replies":[{"embeddable":true,"href":"https:\/\/migracao.redenoticia.com.br\/noticia\/wp-json\/wp\/v2\/comments?post=82727"}],"version-history":[{"count":0,"href":"https:\/\/migracao.redenoticia.com.br\/noticia\/wp-json\/wp\/v2\/posts\/82727\/revisions"}],"wp:featuredmedia":[{"embeddable":true,"href":"https:\/\/migracao.redenoticia.com.br\/noticia\/wp-json\/wp\/v2\/media\/57585"}],"wp:attachment":[{"href":"https:\/\/migracao.redenoticia.com.br\/noticia\/wp-json\/wp\/v2\/media?parent=82727"}],"wp:term":[{"taxonomy":"category","embeddable":true,"href":"https:\/\/migracao.redenoticia.com.br\/noticia\/wp-json\/wp\/v2\/categories?post=82727"},{"taxonomy":"post_tag","embeddable":true,"href":"https:\/\/migracao.redenoticia.com.br\/noticia\/wp-json\/wp\/v2\/tags?post=82727"}],"curies":[{"name":"wp","href":"https:\/\/api.w.org\/{rel}","templated":true}]}}