{"id":8273,"date":"2009-08-11T19:16:47","date_gmt":"2009-08-11T23:16:47","guid":{"rendered":"http:\/\/www.redenoticia.com.br\/noticia\/?p=8273"},"modified":"2010-04-26T17:09:13","modified_gmt":"2010-04-26T21:09:13","slug":"projeto-da-fei-que-gera-energia-eletrica-com-roda-d%e2%80%99agua-ganha-premio-2","status":"publish","type":"post","link":"https:\/\/migracao.redenoticia.com.br\/noticia\/2009\/projeto-da-fei-que-gera-energia-eletrica-com-roda-d%e2%80%99agua-ganha-premio-2\/8273","title":{"rendered":"Projeto da FEI que gera energia el\u00e9trica com roda d\u2019\u00e1gua ganha pr\u00eamio"},"content":{"rendered":"<figure id=\"attachment_8274\" aria-describedby=\"caption-attachment-8274\" style=\"width: 249px\" class=\"wp-caption alignleft\"><a href=\"https:\/\/migracao.redenoticia.com.br\/noticia\/imagens\/\/RodaDagua.gif\"><img loading=\"lazy\" decoding=\"async\" class=\"size-medium wp-image-8274\" title=\"RodaDagua\" src=\"https:\/\/migracao.redenoticia.com.br\/noticia\/imagens\/\/RodaDagua-249x186.gif\" alt=\"Projeto da FEI \u00e9 premiado\" width=\"249\" height=\"186\" \/><\/a><figcaption id=\"caption-attachment-8274\" class=\"wp-caption-text\">Projeto da FEI \u00e9 premiado<\/figcaption><\/figure>\n<p>Levar energia el\u00e9trica para resid\u00eancias rurais de pequeno porte de forma sustent\u00e1vel foi um dos objetivos propostos para o desenvolvimento de um gerador para roda d\u2019\u00e1gua, idealizado pelo Centro Universit\u00e1rio da FEI (Funda\u00e7\u00e3o Educacional Inaciana). O dispositivo foi premiado na categoria Incentivo \u00e0 Pesquisa na Agrifam (Feira da Agricultura Familiar e do Trabalho Rural), realizada entre os dias 31 de julho e 2 de agosto, em Agudos, no interior de S\u00e3o Paulo. O projeto de inicia\u00e7\u00e3o cient\u00edfica recebeu placa e men\u00e7\u00e3o honrosa.<\/p>\n<p>O equipamento foi resultado de um ano de trabalho de pesquisa do ex-aluno do curso de Engenharia El\u00e9trica da FEI, Vin\u00edcius Rizzo, 23 anos, com o orientador e professor Mario Kawano. \u201cEu queria desenvolver algo na \u00e1rea de energia alternativa para dar oportunidade \u00e0s pessoas que moram em pequenas resid\u00eancias rurais e que n\u00e3o t\u00eam acesso \u00e0 energia el\u00e9trica\u201d, explica o ex-aluno, que finalizou o projeto em 2006. O equipamento tamb\u00e9m pode gerar energia para carregar, por exemplo, bateria de caminh\u00e3o.<\/p>\n<p>Desenvolver um gerador e acopla-lo \u00e0 roda d\u2019\u00e1gua foi uma alternativa encontrada para conseguir energia el\u00e9trica de fontes renov\u00e1veis em locais distantes dos centros urbanos e que n\u00e3o t\u00eam fornecimento de energia el\u00e9trica, pois a roda d\u2019\u00e1gua, dispositivo muito comum em \u00e1rea rural, \u00e9 utilizada, na maioria das vezes, para bombear \u00e1gua at\u00e9 a resid\u00eancia. O equipamento completo custa cerca de R$ 3,7 mil.<\/p>\n<p>\u201cPara obter a energia, o propriet\u00e1rio pode instalar o equipamento embaixo da barragem da lagoa. Essa \u00e1gua vai para a roda, que, ao girar, gera energia el\u00e9trica, acumulada em baterias. Para essa energia alimentar a casa, \u00e9 necess\u00e1rio um no break\u201d, destaca o professor do curso de Engenharia El\u00e9trica da FEI, Mario Kawano.<\/p>\n<p>Com o equipamento desenvolvido pela FEI, a energia acumulada em baterias pode ser usada para abastecer uma resid\u00eancia de pequeno porte durante a noite. A energia el\u00e9trica gerada \u00e9 de aproximadamente 27 watts, capaz de alimentar l\u00e2mpadas, r\u00e1dio e televis\u00e3o. Parte do dia a roda pode fazer o bombeamento da \u00e1gua, que quando finalizado inicia o processo para armazenamento da energia. \u201cO gerador tem acoplamento direto com a roda d\u2019\u00e1gua. Foi desenvolvido para trabalhar em 70 rpm e \u00e9 sintonizado, ou seja, s\u00f3 gera energia el\u00e9trica nessa rota\u00e7\u00e3o\u201d, explica o professor Kawano.<\/p>\n<p>A Agrifam foi realizada pela Federa\u00e7\u00e3o dos Trabalhadores na Agricultura do Estado de S\u00e3o Paulo (Fetaesp) e contou com apoio do Minist\u00e9rio da Ci\u00eancia e Tecnologia e Minist\u00e9rio do Desenvolvimento Agr\u00e1rio.<\/p>\n","protected":false},"excerpt":{"rendered":"<p>Levar energia el\u00e9trica para resid\u00eancias rurais de pequeno porte de forma sustent\u00e1vel foi um dos objetivos propostos para o desenvolvimento de um gerador para roda d\u2019\u00e1gua, idealizado pelo Centro Universit\u00e1rio da FEI (Funda\u00e7\u00e3o Educacional Inaciana). O dispositivo foi premiado na categoria Incentivo \u00e0 Pesquisa na Agrifam (Feira da Agricultura Familiar e do Trabalho Rural), realizada [&hellip;]<\/p>\n","protected":false},"author":2,"featured_media":0,"comment_status":"open","ping_status":"open","sticky":false,"template":"","format":"standard","meta":{"tdm_status":"","tdm_grid_status":"","footnotes":""},"categories":[22],"tags":[],"class_list":{"0":"post-8273","1":"post","2":"type-post","3":"status-publish","4":"format-standard","6":"category-brasil"},"_links":{"self":[{"href":"https:\/\/migracao.redenoticia.com.br\/noticia\/wp-json\/wp\/v2\/posts\/8273","targetHints":{"allow":["GET"]}}],"collection":[{"href":"https:\/\/migracao.redenoticia.com.br\/noticia\/wp-json\/wp\/v2\/posts"}],"about":[{"href":"https:\/\/migracao.redenoticia.com.br\/noticia\/wp-json\/wp\/v2\/types\/post"}],"author":[{"embeddable":true,"href":"https:\/\/migracao.redenoticia.com.br\/noticia\/wp-json\/wp\/v2\/users\/2"}],"replies":[{"embeddable":true,"href":"https:\/\/migracao.redenoticia.com.br\/noticia\/wp-json\/wp\/v2\/comments?post=8273"}],"version-history":[{"count":0,"href":"https:\/\/migracao.redenoticia.com.br\/noticia\/wp-json\/wp\/v2\/posts\/8273\/revisions"}],"wp:attachment":[{"href":"https:\/\/migracao.redenoticia.com.br\/noticia\/wp-json\/wp\/v2\/media?parent=8273"}],"wp:term":[{"taxonomy":"category","embeddable":true,"href":"https:\/\/migracao.redenoticia.com.br\/noticia\/wp-json\/wp\/v2\/categories?post=8273"},{"taxonomy":"post_tag","embeddable":true,"href":"https:\/\/migracao.redenoticia.com.br\/noticia\/wp-json\/wp\/v2\/tags?post=8273"}],"curies":[{"name":"wp","href":"https:\/\/api.w.org\/{rel}","templated":true}]}}