{"id":82740,"date":"2016-03-20T18:51:37","date_gmt":"2016-03-20T21:51:37","guid":{"rendered":"http:\/\/www.redenoticia.com.br\/noticia\/?p=82740"},"modified":"2016-03-20T18:51:37","modified_gmt":"2016-03-20T21:51:37","slug":"novela-cuidado-com-o-anjo-resumo-2103-joao-miguel-provoca-ciume-em-malu","status":"publish","type":"post","link":"https:\/\/migracao.redenoticia.com.br\/noticia\/2016\/novela-cuidado-com-o-anjo-resumo-2103-joao-miguel-provoca-ciume-em-malu\/82740","title":{"rendered":"Novela \u201cCuidado com o Anjo\u201d resumo 21\/03: Jo\u00e3o Miguel provoca ci\u00fame em Mal\u00fa"},"content":{"rendered":"<p><img loading=\"lazy\" decoding=\"async\" class=\"alignleft size-thumbnail wp-image-82049\" src=\"https:\/\/migracao.redenoticia.com.br\/noticia\/imagens\/cuidado-com-o-anjo-novela-resumo-capitulo-sbt-episodio-150x112.jpg\" alt=\"cuidado com o anjo novela resumo capitulo sbt episodio\" width=\"150\" height=\"112\" srcset=\"https:\/\/migracao.redenoticia.com.br\/noticia\/imagens\/cuidado-com-o-anjo-novela-resumo-capitulo-sbt-episodio-150x112.jpg 150w, https:\/\/migracao.redenoticia.com.br\/noticia\/imagens\/cuidado-com-o-anjo-novela-resumo-capitulo-sbt-episodio-265x198.jpg 265w\" sizes=\"auto, (max-width: 150px) 100vw, 150px\" \/><strong><em>Novela \u201cCuidado com o Anjo\u201d resumo 21\/03<\/em><\/strong>: ap\u00f3s o casamento de Israel, Branca e Jo\u00e3o Miguel decidem ter uma conversa sincera, admitem seus sentimentos por Mal\u00fa e Leopardo e decidem unir for\u00e7as para convencer ambos a aceitarem seus verdadeiros sentimentos. Unidos com o mesmo objetivo, eles decidem provocar ci\u00fames nos dois. Jo\u00e3o Miguel visita Mal\u00fa com o pretexto de ver o filho, diz que est\u00e1 de casamento marcado com Branca. De volta para casa Jo\u00e3o Miguel sonha em se reconciliar com Mal\u00fa, Branca decide procurar Leopardo. Ela conta para Leopardo que tudo o que aconteceu no casamento foi armado para deix\u00e1-lo enciumado. A mo\u00e7a confessa que continua sendo Ivete, mas de alma boa. Jo\u00e3o Miguel visita novamente o filho e ele fala para Candel\u00e1ria que n\u00e3o vai mais se casar com Branca e pergunta se ela acredita na possibilidade de uma reconcilia\u00e7\u00e3o entre ele e Mal\u00fa.<\/p>\n<p>No capitulo 081 (*), novela \u201cCuidado com o Anjo\u201d, segunda-feira, 21 de mar\u00e7o \u2013 Estef\u00e2nia volta para casa muito nervosa e conta a Isabela o que est\u00e1 prestes a acontecer. Patr\u00edcio chega e percebe que Estef\u00e2nia est\u00e1 muito alterada. O ensaio \u00e9 cancelado e quando Mal\u00fa volta para casa encontra Cec\u00edlia. Ela confessa \u00e0 m\u00e3e que renunciou a Jo\u00e3o Miguel, pois tinha pena de Branca, mas est\u00e1 muito arrependida. Cec\u00edlia aconselha a filha a lutar pelo amor de Jo\u00e3o Miguel e diz que ainda h\u00e1 tempo para que possam ser felizes. Enquanto Jo\u00e3o Miguel sonha em se reconciliar com Mal\u00fa, Branca decide procurar Leopardo.<\/p>\n<p>Jo\u00e3o Miguel pro\u00edbe Tininha de viajar com Of\u00e9lia. Cec\u00edlia estranha \u00e0 viagem repentina de Estef\u00e2nia e diz a Patr\u00edcio que desconfia das inten\u00e7\u00f5es dela. Branca abre seu cora\u00e7\u00e3o e diz a Leopardo que o ama. Enquanto isso, Mal\u00fa est\u00e1 no teatro ensaiando. A cena do disparo se aproxima. Isabela e Estef\u00e2nia comemoram sua morte. Jo\u00e3o Miguel visita o filho. O rapaz diz a Candel\u00e1ria que n\u00e3o vai mais se casar com Branca e pergunta se ela acredita na possibilidade de uma reconcilia\u00e7\u00e3o entre ele e Mal\u00fa. Leopardo se surpreende quando Branca conta que tudo o que aconteceu no casamento foi armado para deix\u00e1-lo enciumado. A mo\u00e7a confessa que continua sendo Ivete, mas de alma boa.<\/p>\n<p>Beatriz diz a Eduardo que n\u00e3o poder\u00e1 se casar com ele, pois Amador quer lhe tirar o filho. Mal\u00fa \u00e9 atingida por um tiro durante os ensaios. Mesmo a dist\u00e2ncia, Estef\u00e2nia e Isabela comemoram o sucesso do plano e acreditam que Mal\u00fa esteja morta. Enquanto isso, a mo\u00e7a \u00e9 levada para o hospital com um ferimento no bra\u00e7o e outro na cabe\u00e7a. Os m\u00e9dicos operam Mal\u00fa, mas aconselham Amador comunicar \u00e0 fam\u00edlia que o estado dela \u00e9 muito delicado. Leopardo confessa a si mesmo que nunca deixou de amar Ivete. Eduardo fica sabendo do acidente e avisa Jo\u00e3o Miguel e Candel\u00e1ria. Jo\u00e3o Miguel consegue entrar na UTI e segura a m\u00e3o de Mal\u00fa.<\/p>\n<p>(*) edi\u00e7\u00e3o do SBT, Novela \u201cCuidado com o Anjo\u201d, sujeito a altera\u00e7\u00e3o de data e conte\u00fado.<\/p>\n","protected":false},"excerpt":{"rendered":"<p>Novela \u201cCuidado com o Anjo\u201d resumo 21\/03: ap\u00f3s o casamento de Israel, Branca e Jo\u00e3o Miguel decidem ter uma conversa sincera, admitem seus sentimentos por Mal\u00fa e Leopardo e decidem unir for\u00e7as para convencer ambos a aceitarem seus verdadeiros sentimentos. Unidos com o mesmo objetivo, eles decidem provocar ci\u00fames nos dois. Jo\u00e3o Miguel visita Mal\u00fa [&hellip;]<\/p>\n","protected":false},"author":2,"featured_media":82049,"comment_status":"open","ping_status":"closed","sticky":false,"template":"","format":"standard","meta":{"tdm_status":"","tdm_grid_status":"","footnotes":""},"categories":[379,372,343],"tags":[],"class_list":{"0":"post-82740","1":"post","2":"type-post","3":"status-publish","4":"format-standard","5":"has-post-thumbnail","7":"category-novelas","8":"category-sbt","9":"category-televisao"},"_links":{"self":[{"href":"https:\/\/migracao.redenoticia.com.br\/noticia\/wp-json\/wp\/v2\/posts\/82740","targetHints":{"allow":["GET"]}}],"collection":[{"href":"https:\/\/migracao.redenoticia.com.br\/noticia\/wp-json\/wp\/v2\/posts"}],"about":[{"href":"https:\/\/migracao.redenoticia.com.br\/noticia\/wp-json\/wp\/v2\/types\/post"}],"author":[{"embeddable":true,"href":"https:\/\/migracao.redenoticia.com.br\/noticia\/wp-json\/wp\/v2\/users\/2"}],"replies":[{"embeddable":true,"href":"https:\/\/migracao.redenoticia.com.br\/noticia\/wp-json\/wp\/v2\/comments?post=82740"}],"version-history":[{"count":0,"href":"https:\/\/migracao.redenoticia.com.br\/noticia\/wp-json\/wp\/v2\/posts\/82740\/revisions"}],"wp:featuredmedia":[{"embeddable":true,"href":"https:\/\/migracao.redenoticia.com.br\/noticia\/wp-json\/wp\/v2\/media\/82049"}],"wp:attachment":[{"href":"https:\/\/migracao.redenoticia.com.br\/noticia\/wp-json\/wp\/v2\/media?parent=82740"}],"wp:term":[{"taxonomy":"category","embeddable":true,"href":"https:\/\/migracao.redenoticia.com.br\/noticia\/wp-json\/wp\/v2\/categories?post=82740"},{"taxonomy":"post_tag","embeddable":true,"href":"https:\/\/migracao.redenoticia.com.br\/noticia\/wp-json\/wp\/v2\/tags?post=82740"}],"curies":[{"name":"wp","href":"https:\/\/api.w.org\/{rel}","templated":true}]}}