{"id":82744,"date":"2016-03-20T18:55:18","date_gmt":"2016-03-20T21:55:18","guid":{"rendered":"http:\/\/www.redenoticia.com.br\/noticia\/?p=82744"},"modified":"2016-03-20T18:55:18","modified_gmt":"2016-03-20T21:55:18","slug":"novela-meu-coracao-e-teu-resumo-2103-isabela-esta-gravida","status":"publish","type":"post","link":"https:\/\/migracao.redenoticia.com.br\/noticia\/2016\/novela-meu-coracao-e-teu-resumo-2103-isabela-esta-gravida\/82744","title":{"rendered":"Novela \u201cMeu Cora\u00e7\u00e3o \u00e9 Teu\u201d resumo 21\/03: Isabela est\u00e1 gr\u00e1vida"},"content":{"rendered":"<p> <img loading=\"lazy\" decoding=\"async\" src=\"https:\/\/migracao.redenoticia.com.br\/noticia\/imagens\/meu_coracao_e_teu_novela_resumo_sbt-150x112.jpg\" alt=\"meu_coracao_e_teu_novela_resumo_sbt\" width=\"150\" height=\"112\" class=\"alignleft size-thumbnail wp-image-82119\" srcset=\"https:\/\/migracao.redenoticia.com.br\/noticia\/imagens\/meu_coracao_e_teu_novela_resumo_sbt-150x112.jpg 150w, https:\/\/migracao.redenoticia.com.br\/noticia\/imagens\/meu_coracao_e_teu_novela_resumo_sbt-265x198.jpg 265w\" sizes=\"auto, (max-width: 150px) 100vw, 150px\" \/><strong><em>Novela \u201cMeu Cora\u00e7\u00e3o \u00e9 Teu\u201d resumo 21\/03<\/em><\/strong>: Fernando diz n\u00e3o a proposta de casamento que Isabela lhe fez. Ela vai procur\u00e1-lo na mans\u00e3o Lascurain, descobre que Fernando, seus filhos e Ana foram passear no zool\u00f3gico, se sente mal e acaba desmaiando. Yolanda fica preocupada porque sua filha tem muita fome e tem tido muitos enjoos. Ela resolve comprar para Isabela um teste de gravidez. Elas o fazem e descobrem que Isabela est\u00e1 gr\u00e1vida. Isabela diz a Fernando que espera um filho dele. Fernando n\u00e3o fica feliz com a not\u00edcia, mas pede um tempo a Isabela para poder processar a situa\u00e7\u00e3o.<\/p>\n<p>No cap\u00edtulo 016 (*), novela \u201cMeu Cora\u00e7\u00e3o \u00e9 Teu\u201d, segunda-feira, 21 de mar\u00e7o &#8211; Fernando fica pensativo. Fernando discute com Ana quando descobre que Sebasti\u00e3o tem faltado as aulas de esporte. Alicia e sua amiga est\u00e3o saindo com saias muito curtas, e Alex e Guille cortaram suas roupas para provar que ele nem se d\u00e1 conta do que ocorre em sua casa. Fanny se sente mal quando Leon a diz que nem trabalhando o dia todo conseguiria comprar um carro como o dela. Fernando pergunta a Ana o que Jonnhy quis dizer quando o disse que ela n\u00e3o era quem realmente parecia ser. Ana est\u00e1 a ponto de contar toda a verdade. Fanny entra para agradecer pelo carro novo que ele a deu. A Fam\u00edlia Lascurain e Ana v\u00e3o ao zool\u00f3gico e Fernando n\u00e3o consegue mais esconder seu amor por Ana. Isabela reage ap\u00f3s ter desmaiado na mans\u00e3o Lascurain, enquanto Fernando, Ana e as crian\u00e7as desfrutam um belo dia no zool\u00f3gico. Fernando pinta a cara de cachorro para fazer seus filhos rirem. Fanny comenta com Leon que n\u00e3o quer seguir estudando na faculdade. Ele a recomenda que primeiro fale com seu pai. Eles se beijam, Fernando os v\u00ea e fica furioso. <\/p>\n<p>Fernando volta para a casa e flagra Bruno e Manuela se beijando. Fernando fala com Bruno e diz que o amor anda rondando pela casa. Yolanda est\u00e1 preocupada porque Isabela tem muita fome e tem tido muitos enjoos. Por isso compra para ela um teste de gravidez. Elas o fazem e descobrem que Isabela est\u00e1 gr\u00e1vida. Yolanda fica euf\u00f3rica, porque reconhece que esse filho que espera de Fernando ser\u00e1 sua mina de ouro. Fernando fala com Fanny e se zanga muito com sua decis\u00e3o de deixar a faculdade. Nando o pede que entenda Fanny, pois ela est\u00e1 confusa quanto a sua futura profiss\u00e3o. Ana vai ver Jonnhy porque dizem que ele est\u00e1 muito deprimido. Os filhos de Fernando come\u00e7am a suspeitar de um poss\u00edvel romance entre ele e Ana e aprovam a ideia. Fernando fala com Fanny para lhe dizer que vai apoi\u00e1-la nesse seu ano sab\u00e1tico, mas que ela dever\u00e1 trabalhar no escrit\u00f3rio neste per\u00edodo. <\/p>\n<p>Bruno recebe uma liga\u00e7\u00e3o de sua m\u00e3e avisando que ela ir\u00e1 visit\u00e1-lo e se preocupa. Fernando e Ana, depois de muito conversarem, acabam se beijando. Luz os v\u00ea. Luz arma um esc\u00e2ndalo na mans\u00e3o ap\u00f3s presenciar o beijo entre Ana e Fernando. Todas as demais crian\u00e7as acordam e interrogam Fernando e Ana, que negam ter ocorrido o que Luz disse. Mesmo assim as crian\u00e7as ficam felizes com a ideia de que esteja ocorrendo algo entre eles. Ana e Fernando est\u00e3o apaixonados e muito felizes. Nicolas fala com Ana, que j\u00e1 soube do beijo e a parabeniza, dizendo que adora a ideia de que Fernando e ela estejam juntos. Isabela diz a Fernando que espera um filho dele. Fernando n\u00e3o fica feliz com a not\u00edcia, mas pede um tempo a Isabela para poder processar a situa\u00e7\u00e3o. Bruno descobre que sua m\u00e3e vai chegar no mesmo dia e diz a Ana que a senhora acredita que ele \u00e9 milion\u00e1rio e tem sete filhos. <\/p>\n<p>(*) edi\u00e7\u00e3o do SBT, Novela \u201cMeu Cora\u00e7\u00e3o \u00e9 Teu\u201d, sujeito a altera\u00e7\u00e3o de data e conte\u00fado.<\/p>\n","protected":false},"excerpt":{"rendered":"<p>Novela \u201cMeu Cora\u00e7\u00e3o \u00e9 Teu\u201d resumo 21\/03: Fernando diz n\u00e3o a proposta de casamento que Isabela lhe fez. Ela vai procur\u00e1-lo na mans\u00e3o Lascurain, descobre que Fernando, seus filhos e Ana foram passear no zool\u00f3gico, se sente mal e acaba desmaiando. Yolanda fica preocupada porque sua filha tem muita fome e tem tido muitos enjoos. [&hellip;]<\/p>\n","protected":false},"author":2,"featured_media":82119,"comment_status":"open","ping_status":"closed","sticky":false,"template":"","format":"standard","meta":{"tdm_status":"","tdm_grid_status":"","footnotes":""},"categories":[379,372,343],"tags":[],"class_list":{"0":"post-82744","1":"post","2":"type-post","3":"status-publish","4":"format-standard","5":"has-post-thumbnail","7":"category-novelas","8":"category-sbt","9":"category-televisao"},"_links":{"self":[{"href":"https:\/\/migracao.redenoticia.com.br\/noticia\/wp-json\/wp\/v2\/posts\/82744","targetHints":{"allow":["GET"]}}],"collection":[{"href":"https:\/\/migracao.redenoticia.com.br\/noticia\/wp-json\/wp\/v2\/posts"}],"about":[{"href":"https:\/\/migracao.redenoticia.com.br\/noticia\/wp-json\/wp\/v2\/types\/post"}],"author":[{"embeddable":true,"href":"https:\/\/migracao.redenoticia.com.br\/noticia\/wp-json\/wp\/v2\/users\/2"}],"replies":[{"embeddable":true,"href":"https:\/\/migracao.redenoticia.com.br\/noticia\/wp-json\/wp\/v2\/comments?post=82744"}],"version-history":[{"count":0,"href":"https:\/\/migracao.redenoticia.com.br\/noticia\/wp-json\/wp\/v2\/posts\/82744\/revisions"}],"wp:featuredmedia":[{"embeddable":true,"href":"https:\/\/migracao.redenoticia.com.br\/noticia\/wp-json\/wp\/v2\/media\/82119"}],"wp:attachment":[{"href":"https:\/\/migracao.redenoticia.com.br\/noticia\/wp-json\/wp\/v2\/media?parent=82744"}],"wp:term":[{"taxonomy":"category","embeddable":true,"href":"https:\/\/migracao.redenoticia.com.br\/noticia\/wp-json\/wp\/v2\/categories?post=82744"},{"taxonomy":"post_tag","embeddable":true,"href":"https:\/\/migracao.redenoticia.com.br\/noticia\/wp-json\/wp\/v2\/tags?post=82744"}],"curies":[{"name":"wp","href":"https:\/\/api.w.org\/{rel}","templated":true}]}}