{"id":82754,"date":"2016-03-20T19:06:00","date_gmt":"2016-03-20T22:06:00","guid":{"rendered":"http:\/\/www.redenoticia.com.br\/noticia\/?p=82754"},"modified":"2016-03-20T19:06:00","modified_gmt":"2016-03-20T22:06:00","slug":"novela-chamas-da-vida-resumo-2103-vivi-conversa-com-lipe","status":"publish","type":"post","link":"https:\/\/migracao.redenoticia.com.br\/noticia\/2016\/novela-chamas-da-vida-resumo-2103-vivi-conversa-com-lipe\/82754","title":{"rendered":"Novela \u201cChamas da Vida\u201d resumo 21\/03: Vivi conversa com Lipe"},"content":{"rendered":"<p> <img loading=\"lazy\" decoding=\"async\" src=\"https:\/\/migracao.redenoticia.com.br\/noticia\/imagens\/chamas_da_vida_resumo_novela-150x112.jpeg\" alt=\"chamas_da_vida_resumo_novela\" width=\"150\" height=\"112\" class=\"alignleft size-thumbnail wp-image-82020\" \/><strong><em>Novela \u201cChamas da Vida\u201d resumo 21\/03<\/em><\/strong>: Vivi foge de casa e vai at\u00e9 a delegacia para falar com Lipe e perguntar sobre Demor\u00f4. O Delegado diz que ela precisa de uma autoriza\u00e7\u00e3o de Pedro. Logo depois, Vivi, muito tensa, pergunta a Lipe onde \u00e9 o cativeiro de Demor\u00f4. <\/p>\n<p>No capitulo 101 (*), novela \u201cChamas da Vida\u201d, segunda-feira, 21 de mar\u00e7o &#8211; O pol\u00edcial pergunta se Vivi \u00e9 irm\u00e3 de Pedro. Ela diz que sim e que n\u00e3o quer que Demor\u00f4 morra. O pol\u00edcia diz que precisa de uma autoriza\u00e7\u00e3o de Pedro para ela falar com Lipe. Guilherme tira o exame da m\u00e3o de Michele. Ela pergunta porque ele est\u00e1 descontrolado. Ele diz que s\u00f3 quer abrir o exame. Michele abre o envelope e diz que n\u00e3o deu nada no exame.<\/p>\n<p>Guilherme v\u00ea que deu negativo o HIV e fica feliz por n\u00e3o ter contaminado Michele. Andressa, Docinho e Roberto v\u00e3o \u00e0 esquadra para ver o depoimento de Lipe em frente de Vivi. Telma v\u00ea que Manu est\u00e1 a roubar um carro. Telma tenta falar com Manu, mas ela arranca com o carro. A bola vai para a rua, Gabriel corre para a ir buscar. Junior corre e consegue tirar Gabriel da frente do carro, mas ele \u00e9 atropelado. Junior fica ca\u00eddo no meio da rua. Manu foge com o carro. Pedro diz que Vivi pregou um susto neles. Vivi diz que s\u00f3 quer salvar Demor\u00f4. Junior \u00e9 resgatado pelos param\u00e9dicos. Telma vai com Junior na ambul\u00e2ncia.<\/p>\n<p>Tom\u00e1s diz a Vilma que Beatriz tem certeza que ela \u00e9 a incendi\u00e1ria e que ele \u00e9 c\u00famplice. Tom\u00e1s diz que Diego contou tudo a Beatriz. Vilma diz que vai providenciar o internamento de Beatriz. Tom\u00e1s diz que o cerco est\u00e1 a fechar-se. Vilma diz que est\u00e1 tudo sobre controle. Vilma diz para Tom\u00e1s nunca mais se encontrar com Ivonete e ele mente que nunca mais viu Ivonete. Vivi pergunta a Lipe onde \u00e9 o cativeiro de Demoro.<\/p>\n<p>(*) edi\u00e7\u00e3o da Rede Record, Novela \u201cChamas da Vida\u201d, sujeito a altera\u00e7\u00e3o de data e conte\u00fado.<\/p>\n","protected":false},"excerpt":{"rendered":"<p>Novela \u201cChamas da Vida\u201d resumo 21\/03: Vivi foge de casa e vai at\u00e9 a delegacia para falar com Lipe e perguntar sobre Demor\u00f4. O Delegado diz que ela precisa de uma autoriza\u00e7\u00e3o de Pedro. Logo depois, Vivi, muito tensa, pergunta a Lipe onde \u00e9 o cativeiro de Demor\u00f4. No capitulo 101 (*), novela \u201cChamas da [&hellip;]<\/p>\n","protected":false},"author":2,"featured_media":82020,"comment_status":"open","ping_status":"closed","sticky":false,"template":"","format":"standard","meta":{"tdm_status":"","tdm_grid_status":"","footnotes":""},"categories":[379,371,343],"tags":[],"class_list":{"0":"post-82754","1":"post","2":"type-post","3":"status-publish","4":"format-standard","5":"has-post-thumbnail","7":"category-novelas","8":"category-rede-record","9":"category-televisao"},"_links":{"self":[{"href":"https:\/\/migracao.redenoticia.com.br\/noticia\/wp-json\/wp\/v2\/posts\/82754","targetHints":{"allow":["GET"]}}],"collection":[{"href":"https:\/\/migracao.redenoticia.com.br\/noticia\/wp-json\/wp\/v2\/posts"}],"about":[{"href":"https:\/\/migracao.redenoticia.com.br\/noticia\/wp-json\/wp\/v2\/types\/post"}],"author":[{"embeddable":true,"href":"https:\/\/migracao.redenoticia.com.br\/noticia\/wp-json\/wp\/v2\/users\/2"}],"replies":[{"embeddable":true,"href":"https:\/\/migracao.redenoticia.com.br\/noticia\/wp-json\/wp\/v2\/comments?post=82754"}],"version-history":[{"count":0,"href":"https:\/\/migracao.redenoticia.com.br\/noticia\/wp-json\/wp\/v2\/posts\/82754\/revisions"}],"wp:featuredmedia":[{"embeddable":true,"href":"https:\/\/migracao.redenoticia.com.br\/noticia\/wp-json\/wp\/v2\/media\/82020"}],"wp:attachment":[{"href":"https:\/\/migracao.redenoticia.com.br\/noticia\/wp-json\/wp\/v2\/media?parent=82754"}],"wp:term":[{"taxonomy":"category","embeddable":true,"href":"https:\/\/migracao.redenoticia.com.br\/noticia\/wp-json\/wp\/v2\/categories?post=82754"},{"taxonomy":"post_tag","embeddable":true,"href":"https:\/\/migracao.redenoticia.com.br\/noticia\/wp-json\/wp\/v2\/tags?post=82754"}],"curies":[{"name":"wp","href":"https:\/\/api.w.org\/{rel}","templated":true}]}}