{"id":82758,"date":"2016-03-20T19:11:25","date_gmt":"2016-03-20T22:11:25","guid":{"rendered":"http:\/\/www.redenoticia.com.br\/noticia\/?p=82758"},"modified":"2016-03-20T19:11:25","modified_gmt":"2016-03-20T22:11:25","slug":"novela-malhacao-resumo-2103-samurai-manda-cica-afastar-rodrigo","status":"publish","type":"post","link":"https:\/\/migracao.redenoticia.com.br\/noticia\/2016\/novela-malhacao-resumo-2103-samurai-manda-cica-afastar-rodrigo\/82758","title":{"rendered":"Novela \u201cMalha\u00e7\u00e3o\u201d resumo 21\/03: Samurai manda Ci\u00e7a afastar Rodrigo"},"content":{"rendered":"<p><img loading=\"lazy\" decoding=\"async\" class=\"alignleft size-thumbnail wp-image-72511\" src=\"https:\/\/migracao.redenoticia.com.br\/noticia\/imagens\/malhacao_seu_lugar_no_mundo-150x112.jpg\" alt=\"malhacao_seu_lugar_no_mundo\" width=\"150\" height=\"112\" srcset=\"https:\/\/migracao.redenoticia.com.br\/noticia\/imagens\/malhacao_seu_lugar_no_mundo-150x112.jpg 150w, https:\/\/migracao.redenoticia.com.br\/noticia\/imagens\/malhacao_seu_lugar_no_mundo-265x198.jpg 265w\" sizes=\"auto, (max-width: 150px) 100vw, 150px\" \/><strong><em>Novela \u201cMalha\u00e7\u00e3o\u201d resumo 21\/03<\/em><\/strong>: Samurai \u00e9 um cara cheio de segredos e n\u00e3o est\u00e1 curtindo nem um pouco ver que Rodrigo anda na sua cola. Para acabar com isso, ele conversa com Ci\u00e7a: &#8220;O Rodrigo foi atr\u00e1s de mim, dizer que viu a gente discutindo. (&#8230;) Agora, voc\u00ea vai resolver essa hist\u00f3ria&#8221;. A cantora mostra que tamb\u00e9m tem a l\u00edngua afiada: &#8220;T\u00e1 com medo do Rodrigo acabar descobrindo alguma coisa sem querer? Tipo uma informa\u00e7\u00e3o sobre o sumi\u00e7o do Pedro?&#8221;. Mas o cara n\u00e3o fica quieto: &#8220;Quem deveria ficar preocupada \u00e9 voc\u00ea. J\u00e1 pensou se o Rodrigo descobre que eu sou o verdadeiro pai do seu filho?&#8221;.<\/p>\n<p>No capitulo 154 (*), novela \u201cMalha\u00e7\u00e3o\u201d, segunda-feira, 21 de mar\u00e7o \u2013 Rodrigo afirma a Samurai que descobrir\u00e1 o segredo que o rapaz tem com Ci\u00e7a. Jorge sente ci\u00fames de Reginaldo. Camila sai de casa e M\u00e1rcia e Luiz se desesperam. Samurai aconselha Filipe a acompanhar Nanda nas aulas da autoescola.<\/p>\n<p>Martinha anuncia a Krica, Cleiton e Glauco que ir\u00e1 para a Calif\u00f3rnia. Cleiton convence Uodson a fazer a despedida de solteiro no hostel.<\/p>\n<p>Krica organiza a festa de Alina. Roger estranha ao ver Fl\u00e1via saindo da delegacia. Henrique tem a ideia de hospedar Camila no hostel. Samurai convida Rodrigo para uma escalada.<\/p>\n<p>(*) edi\u00e7\u00e3o da Rede Globo, Novela \u201cMalha\u00e7\u00e3o\u201d, sujeito a altera\u00e7\u00e3o de data e conte\u00fado.<\/p>\n","protected":false},"excerpt":{"rendered":"<p>Novela \u201cMalha\u00e7\u00e3o\u201d resumo 21\/03: Samurai \u00e9 um cara cheio de segredos e n\u00e3o est\u00e1 curtindo nem um pouco ver que Rodrigo anda na sua cola. Para acabar com isso, ele conversa com Ci\u00e7a: &#8220;O Rodrigo foi atr\u00e1s de mim, dizer que viu a gente discutindo. (&#8230;) Agora, voc\u00ea vai resolver essa hist\u00f3ria&#8221;. A cantora mostra [&hellip;]<\/p>\n","protected":false},"author":2,"featured_media":72511,"comment_status":"open","ping_status":"closed","sticky":false,"template":"","format":"standard","meta":{"tdm_status":"","tdm_grid_status":"","footnotes":""},"categories":[379,375,343],"tags":[],"class_list":{"0":"post-82758","1":"post","2":"type-post","3":"status-publish","4":"format-standard","5":"has-post-thumbnail","7":"category-novelas","8":"category-rede-globo","9":"category-televisao"},"_links":{"self":[{"href":"https:\/\/migracao.redenoticia.com.br\/noticia\/wp-json\/wp\/v2\/posts\/82758","targetHints":{"allow":["GET"]}}],"collection":[{"href":"https:\/\/migracao.redenoticia.com.br\/noticia\/wp-json\/wp\/v2\/posts"}],"about":[{"href":"https:\/\/migracao.redenoticia.com.br\/noticia\/wp-json\/wp\/v2\/types\/post"}],"author":[{"embeddable":true,"href":"https:\/\/migracao.redenoticia.com.br\/noticia\/wp-json\/wp\/v2\/users\/2"}],"replies":[{"embeddable":true,"href":"https:\/\/migracao.redenoticia.com.br\/noticia\/wp-json\/wp\/v2\/comments?post=82758"}],"version-history":[{"count":0,"href":"https:\/\/migracao.redenoticia.com.br\/noticia\/wp-json\/wp\/v2\/posts\/82758\/revisions"}],"wp:featuredmedia":[{"embeddable":true,"href":"https:\/\/migracao.redenoticia.com.br\/noticia\/wp-json\/wp\/v2\/media\/72511"}],"wp:attachment":[{"href":"https:\/\/migracao.redenoticia.com.br\/noticia\/wp-json\/wp\/v2\/media?parent=82758"}],"wp:term":[{"taxonomy":"category","embeddable":true,"href":"https:\/\/migracao.redenoticia.com.br\/noticia\/wp-json\/wp\/v2\/categories?post=82758"},{"taxonomy":"post_tag","embeddable":true,"href":"https:\/\/migracao.redenoticia.com.br\/noticia\/wp-json\/wp\/v2\/tags?post=82758"}],"curies":[{"name":"wp","href":"https:\/\/api.w.org\/{rel}","templated":true}]}}