{"id":8276,"date":"2009-08-11T19:18:15","date_gmt":"2009-08-11T23:18:15","guid":{"rendered":"http:\/\/www.redenoticia.com.br\/noticia\/?p=8276"},"modified":"2009-08-22T02:37:15","modified_gmt":"2009-08-22T06:37:15","slug":"residencia-medica-2010-%e2%80%93-inscricoes-abertas-para-442-vagas-em-hospitais-no-rio-de-janeiro","status":"publish","type":"post","link":"https:\/\/migracao.redenoticia.com.br\/noticia\/2009\/residencia-medica-2010-%e2%80%93-inscricoes-abertas-para-442-vagas-em-hospitais-no-rio-de-janeiro\/8276","title":{"rendered":"Resid\u00eancia M\u00e9dica 2010 \u2013 Inscri\u00e7\u00f5es abertas para 442 vagas em hospitais no Rio de Janeiro"},"content":{"rendered":"<p>Est\u00e3o abertas as inscri\u00e7\u00f5es para o concurso\u00a0<strong>Resid\u00eancia M\u00e9dica 2010<\/strong> para hospitais e institui\u00e7\u00f5es de sa\u00fade do Minist\u00e9rio da Sa\u00fade, da Secretaria Estadual de Sa\u00fade e da Funda\u00e7\u00e3o Oswaldo Cruz no Rio de Janeiro. O processo seletivo est\u00e1 sendo organizado pelo Centro de Produ\u00e7\u00e3o da Universidade do Estado do Rio de Janeiro. S\u00e3o 442 vagas ao todo, divididas entre programas de treinamento em diversas especialidades m\u00e9dicas. Os aprovados come\u00e7am as atividades em fevereiro de 2010. A taxa de sele\u00e7\u00e3o custa R$ 49,85 e os candidatos t\u00eam at\u00e9 18 de setembro para se inscrever.<\/p>\n<p>A prova est\u00e1 prevista para ser aplicada em 25 de outubro. Para algumas especialidades, a resid\u00eancia exige pr\u00e9-requisito. O Hospital dos Servidores do Estado, do Minist\u00e9rio da Sa\u00fade, oferece a maior quantidade de vagas: 107. J\u00e1 entre as especialidades, h\u00e1 mais oportunidades para cl\u00ednica m\u00e9dica (51), pediatria (46), cardiologia (41) e cirurgia geral (40). O Instituto de Pesquisa Cl\u00ednica Evandro Chagas, da Fiocruz, oferece tr\u00eas vagas para residentes em infectologia.<\/p>\n<p>A bolsa-aux\u00edlio para todos os programas \u00e9 de R$ 1.916,45. O treinamento de resid\u00eancia m\u00e9dica \u00e9 cumprido em regime de tempo integral e plant\u00f5es, com carga hor\u00e1ria semanal de 60 horas. A dura\u00e7\u00e3o dos programas varia de dois a cinco anos.<\/p>\n<p>As inscri\u00e7\u00f5es devem ser realizadas pela internet, no site do Centro de Produ\u00e7\u00e3o da UERJ\u00a0(<a href=\"http:\/\/www.cepuerj.uerj.br\">www.cepuerj.uerj.br<\/a>),onde tamb\u00e9m pode se ter acesso ao edital do concurso. Para outras informa\u00e7\u00f5es, telefone para (21) 2334-0639\u00a0ouenvie um e-mail para\u00a0cepuerj@uerj.br.<\/p>\n","protected":false},"excerpt":{"rendered":"<p>Est\u00e3o abertas as inscri\u00e7\u00f5es para o concurso\u00a0Resid\u00eancia M\u00e9dica 2010 para hospitais e institui\u00e7\u00f5es de sa\u00fade do Minist\u00e9rio da Sa\u00fade, da Secretaria Estadual de Sa\u00fade e da Funda\u00e7\u00e3o Oswaldo Cruz no Rio de Janeiro. O processo seletivo est\u00e1 sendo organizado pelo Centro de Produ\u00e7\u00e3o da Universidade do Estado do Rio de Janeiro. S\u00e3o 442 vagas ao [&hellip;]<\/p>\n","protected":false},"author":2,"featured_media":0,"comment_status":"open","ping_status":"open","sticky":false,"template":"","format":"standard","meta":{"tdm_status":"","tdm_grid_status":"","footnotes":""},"categories":[5],"tags":[],"class_list":{"0":"post-8276","1":"post","2":"type-post","3":"status-publish","4":"format-standard","6":"category-saude-e-vida"},"_links":{"self":[{"href":"https:\/\/migracao.redenoticia.com.br\/noticia\/wp-json\/wp\/v2\/posts\/8276","targetHints":{"allow":["GET"]}}],"collection":[{"href":"https:\/\/migracao.redenoticia.com.br\/noticia\/wp-json\/wp\/v2\/posts"}],"about":[{"href":"https:\/\/migracao.redenoticia.com.br\/noticia\/wp-json\/wp\/v2\/types\/post"}],"author":[{"embeddable":true,"href":"https:\/\/migracao.redenoticia.com.br\/noticia\/wp-json\/wp\/v2\/users\/2"}],"replies":[{"embeddable":true,"href":"https:\/\/migracao.redenoticia.com.br\/noticia\/wp-json\/wp\/v2\/comments?post=8276"}],"version-history":[{"count":0,"href":"https:\/\/migracao.redenoticia.com.br\/noticia\/wp-json\/wp\/v2\/posts\/8276\/revisions"}],"wp:attachment":[{"href":"https:\/\/migracao.redenoticia.com.br\/noticia\/wp-json\/wp\/v2\/media?parent=8276"}],"wp:term":[{"taxonomy":"category","embeddable":true,"href":"https:\/\/migracao.redenoticia.com.br\/noticia\/wp-json\/wp\/v2\/categories?post=8276"},{"taxonomy":"post_tag","embeddable":true,"href":"https:\/\/migracao.redenoticia.com.br\/noticia\/wp-json\/wp\/v2\/tags?post=8276"}],"curies":[{"name":"wp","href":"https:\/\/api.w.org\/{rel}","templated":true}]}}