{"id":82762,"date":"2016-03-20T19:16:12","date_gmt":"2016-03-20T22:16:12","guid":{"rendered":"http:\/\/www.redenoticia.com.br\/noticia\/?p=82762"},"modified":"2016-03-20T19:16:12","modified_gmt":"2016-03-20T22:16:12","slug":"novela-totalmente-demais-resumo-2103-germano-decide-salvar-eliza","status":"publish","type":"post","link":"https:\/\/migracao.redenoticia.com.br\/noticia\/2016\/novela-totalmente-demais-resumo-2103-germano-decide-salvar-eliza\/82762","title":{"rendered":"Novela \u201cTotalmente Demais\u201d resumo 21\/03: Germano decide salvar Eliza"},"content":{"rendered":"<p> <strong><em><img loading=\"lazy\" decoding=\"async\" class=\"alignleft size-thumbnail wp-image-76581\" src=\"https:\/\/migracao.redenoticia.com.br\/noticia\/imagens\/totalmente_demais_novela_resumo_globo-150x112.jpg\" alt=\"totalmente_demais_novela_resumo_globo\" width=\"150\" height=\"112\" srcset=\"https:\/\/migracao.redenoticia.com.br\/noticia\/imagens\/totalmente_demais_novela_resumo_globo-150x112.jpg 150w, https:\/\/migracao.redenoticia.com.br\/noticia\/imagens\/totalmente_demais_novela_resumo_globo-265x198.jpg 265w\" sizes=\"auto, (max-width: 150px) 100vw, 150px\" \/>Novela \u201cTotalmente Demais\u201d resumo 21\/03<\/em><\/strong>: Z\u00e9 Pedro fica sabendo por Arthur que Eliza est\u00e1 presa em Campo Claro e n\u00e3o v\u00ea a hora de contar a Germano. Quando o executivo passa para pegar seu funcion\u00e1rio, toma um susto ao saber que a filha est\u00e1 atr\u00e1s das grades. &#8220;Que hist\u00f3ria \u00e9 essa?! Voc\u00ea sabe o motivo?&#8221;, questiona chocado o executivo, que decide correr at\u00e9 Campo Claro e salvar Eliza.<\/p>\n<p>No capitulo 115 (*), novela \u201cTotalmente Demais\u201d, segunda-feira, 21 de mar\u00e7o \u2013 O m\u00e9dico comunica a Ros\u00e2ngela que Wesley precisar\u00e1 passar por uma cirurgia. Ros\u00e2ngela responsabiliza Montanha pelo que aconteceu com o filho e pede ao professor que saia do hospital. Eliza n\u00e3o cede \u00e0s chantagens de Dino. <\/p>\n<p>Joj\u00f4 avisa a Arthur que Eliza foi presa e levada para Campo Claro. Germano vai para Campo Claro, ap\u00f3s saber por Z\u00e9 Pedro que a filha est\u00e1 na cadeia. <\/p>\n<p>Dorinha avisa a Carolina da pris\u00e3o de Eliza e a jornalista e avisa a Lorena. Germano chega \u00e0 delegacia e revela a Eliza que \u00e9 seu pai.  <\/p>\n<p>(*) edi\u00e7\u00e3o da Rede Globo, Novela \u201cTotalmente Demais\u201d, sujeito a altera\u00e7\u00e3o de data e conte\u00fado.<\/p>\n","protected":false},"excerpt":{"rendered":"<p>Novela \u201cTotalmente Demais\u201d resumo 21\/03: Z\u00e9 Pedro fica sabendo por Arthur que Eliza est\u00e1 presa em Campo Claro e n\u00e3o v\u00ea a hora de contar a Germano. Quando o executivo passa para pegar seu funcion\u00e1rio, toma um susto ao saber que a filha est\u00e1 atr\u00e1s das grades. &#8220;Que hist\u00f3ria \u00e9 essa?! Voc\u00ea sabe o motivo?&#8221;, [&hellip;]<\/p>\n","protected":false},"author":2,"featured_media":76581,"comment_status":"open","ping_status":"closed","sticky":false,"template":"","format":"standard","meta":{"tdm_status":"","tdm_grid_status":"","footnotes":""},"categories":[379,375,343],"tags":[],"class_list":{"0":"post-82762","1":"post","2":"type-post","3":"status-publish","4":"format-standard","5":"has-post-thumbnail","7":"category-novelas","8":"category-rede-globo","9":"category-televisao"},"_links":{"self":[{"href":"https:\/\/migracao.redenoticia.com.br\/noticia\/wp-json\/wp\/v2\/posts\/82762","targetHints":{"allow":["GET"]}}],"collection":[{"href":"https:\/\/migracao.redenoticia.com.br\/noticia\/wp-json\/wp\/v2\/posts"}],"about":[{"href":"https:\/\/migracao.redenoticia.com.br\/noticia\/wp-json\/wp\/v2\/types\/post"}],"author":[{"embeddable":true,"href":"https:\/\/migracao.redenoticia.com.br\/noticia\/wp-json\/wp\/v2\/users\/2"}],"replies":[{"embeddable":true,"href":"https:\/\/migracao.redenoticia.com.br\/noticia\/wp-json\/wp\/v2\/comments?post=82762"}],"version-history":[{"count":0,"href":"https:\/\/migracao.redenoticia.com.br\/noticia\/wp-json\/wp\/v2\/posts\/82762\/revisions"}],"wp:featuredmedia":[{"embeddable":true,"href":"https:\/\/migracao.redenoticia.com.br\/noticia\/wp-json\/wp\/v2\/media\/76581"}],"wp:attachment":[{"href":"https:\/\/migracao.redenoticia.com.br\/noticia\/wp-json\/wp\/v2\/media?parent=82762"}],"wp:term":[{"taxonomy":"category","embeddable":true,"href":"https:\/\/migracao.redenoticia.com.br\/noticia\/wp-json\/wp\/v2\/categories?post=82762"},{"taxonomy":"post_tag","embeddable":true,"href":"https:\/\/migracao.redenoticia.com.br\/noticia\/wp-json\/wp\/v2\/tags?post=82762"}],"curies":[{"name":"wp","href":"https:\/\/api.w.org\/{rel}","templated":true}]}}