{"id":82798,"date":"2016-03-21T18:24:50","date_gmt":"2016-03-21T21:24:50","guid":{"rendered":"http:\/\/www.redenoticia.com.br\/noticia\/?p=82798"},"modified":"2016-03-21T18:25:22","modified_gmt":"2016-03-21T21:25:22","slug":"novela-velho-chico-resumo-2203-padre-romao-realiza-o-casamento-de-afranio","status":"publish","type":"post","link":"https:\/\/migracao.redenoticia.com.br\/noticia\/2016\/novela-velho-chico-resumo-2203-padre-romao-realiza-o-casamento-de-afranio\/82798","title":{"rendered":"Novela \u201cVelho Chico\u201d resumo 22\/03: Padre Rom\u00e3o realiza o casamento de Afr\u00e2nio"},"content":{"rendered":"<p> <img loading=\"lazy\" decoding=\"async\" class=\"alignleft size-thumbnail wp-image-82169\" src=\"https:\/\/migracao.redenoticia.com.br\/noticia\/imagens\/velho_chico_novela_resumo_globo-150x112.jpg\" alt=\"velho_chico_novela_resumo_globo\" width=\"150\" height=\"112\" srcset=\"https:\/\/migracao.redenoticia.com.br\/noticia\/imagens\/velho_chico_novela_resumo_globo-150x112.jpg 150w, https:\/\/migracao.redenoticia.com.br\/noticia\/imagens\/velho_chico_novela_resumo_globo-265x198.jpg 265w\" sizes=\"auto, (max-width: 150px) 100vw, 150px\" \/><strong><em>Novela \u201cVelho Chico\u201d resumo 22\/03<\/em><\/strong>: com a morte de seu pai. Afr\u00e2nio teve que deixar tudo em Salvador, inclusive o seu grande amor, e retornar para a sua cidade. No local, Afr\u00e2nio teve que enfrentar sua m\u00e3e, suas inseguran\u00e7as, e tamb\u00e9m, o grande rival de seu pai, o Capit\u00e3o Rosa. Assim, \u00e9 obrigado a mudar de postura para que consiga ocupar o lugar de seu pai e controlar os neg\u00f3cios da fazenda. Ao sair para conhecer as fazendas vizinhas e comprar algod\u00e3o, ele conhece Leonor e \u00e9 obrigado a se casar com a garota. Encarna\u00e7\u00e3o, sua m\u00e3e, n\u00e3o aceita este casamento e ele a enfrenta. Leonor convida Afr\u00e2nio para dan\u00e7ar na roda de S\u00e3o Gon\u00e7alo e Encarna\u00e7\u00e3o discute com o filho. Padre Rom\u00e3o realiza o casamento de Afr\u00e2nio e Leonor. <\/p>\n<p>No capitulo 008 (*), novela \u201cVelho Chico\u201d, ter\u00e7a-feira, 22 de mar\u00e7o \u2013 Encarna\u00e7\u00e3o ordena que Afr\u00e2nio assuma o controle dos neg\u00f3cios da fazenda. Capit\u00e3o Rosa comenta com Chico Criatura que teme as rea\u00e7\u00f5es de Afr\u00e2nio. Doninha conduz Leonor \u00e0 roda para S\u00e3o Gon\u00e7alo. <\/p>\n<p>Leonor convida Afr\u00e2nio para dan\u00e7ar na roda. Encarna\u00e7\u00e3o discute com Afr\u00e2nio. Eul\u00e1lia questiona o des\u00e2nimo de Capit\u00e3o Rosa diante de suas conquistas. Piedade conforta Belmiro, que sente falta do sert\u00e3o. <\/p>\n<p>Afr\u00e2nio e Leonor se casam na igreja. Capit\u00e3o Rosa \u00e9 assassinado. Floriano sa\u00fada Afr\u00e2nio como o novo coronel da fazenda. <\/p>\n<p>(*) edi\u00e7\u00e3o da Rede Globo, Novela \u201cVelho Chico\u201d, sujeito a altera\u00e7\u00e3o de data e conte\u00fado.<\/p>\n<p>&#8212;<\/p>\n","protected":false},"excerpt":{"rendered":"<p>Novela \u201cVelho Chico\u201d resumo 22\/03: com a morte de seu pai. Afr\u00e2nio teve que deixar tudo em Salvador, inclusive o seu grande amor, e retornar para a sua cidade. No local, Afr\u00e2nio teve que enfrentar sua m\u00e3e, suas inseguran\u00e7as, e tamb\u00e9m, o grande rival de seu pai, o Capit\u00e3o Rosa. Assim, \u00e9 obrigado a mudar [&hellip;]<\/p>\n","protected":false},"author":2,"featured_media":82169,"comment_status":"open","ping_status":"closed","sticky":false,"template":"","format":"standard","meta":{"tdm_status":"","tdm_grid_status":"","footnotes":""},"categories":[379,375,343],"tags":[],"class_list":{"0":"post-82798","1":"post","2":"type-post","3":"status-publish","4":"format-standard","5":"has-post-thumbnail","7":"category-novelas","8":"category-rede-globo","9":"category-televisao"},"_links":{"self":[{"href":"https:\/\/migracao.redenoticia.com.br\/noticia\/wp-json\/wp\/v2\/posts\/82798","targetHints":{"allow":["GET"]}}],"collection":[{"href":"https:\/\/migracao.redenoticia.com.br\/noticia\/wp-json\/wp\/v2\/posts"}],"about":[{"href":"https:\/\/migracao.redenoticia.com.br\/noticia\/wp-json\/wp\/v2\/types\/post"}],"author":[{"embeddable":true,"href":"https:\/\/migracao.redenoticia.com.br\/noticia\/wp-json\/wp\/v2\/users\/2"}],"replies":[{"embeddable":true,"href":"https:\/\/migracao.redenoticia.com.br\/noticia\/wp-json\/wp\/v2\/comments?post=82798"}],"version-history":[{"count":0,"href":"https:\/\/migracao.redenoticia.com.br\/noticia\/wp-json\/wp\/v2\/posts\/82798\/revisions"}],"wp:featuredmedia":[{"embeddable":true,"href":"https:\/\/migracao.redenoticia.com.br\/noticia\/wp-json\/wp\/v2\/media\/82169"}],"wp:attachment":[{"href":"https:\/\/migracao.redenoticia.com.br\/noticia\/wp-json\/wp\/v2\/media?parent=82798"}],"wp:term":[{"taxonomy":"category","embeddable":true,"href":"https:\/\/migracao.redenoticia.com.br\/noticia\/wp-json\/wp\/v2\/categories?post=82798"},{"taxonomy":"post_tag","embeddable":true,"href":"https:\/\/migracao.redenoticia.com.br\/noticia\/wp-json\/wp\/v2\/tags?post=82798"}],"curies":[{"name":"wp","href":"https:\/\/api.w.org\/{rel}","templated":true}]}}