{"id":82799,"date":"2016-03-21T16:21:44","date_gmt":"2016-03-21T19:21:44","guid":{"rendered":"http:\/\/www.redenoticia.com.br\/noticia\/?p=82799"},"modified":"2016-03-21T16:22:47","modified_gmt":"2016-03-21T19:22:47","slug":"novela-cuidado-com-o-anjo-resumo-2203-malu-sofre-hemorragia-cerebral","status":"publish","type":"post","link":"https:\/\/migracao.redenoticia.com.br\/noticia\/2016\/novela-cuidado-com-o-anjo-resumo-2203-malu-sofre-hemorragia-cerebral\/82799","title":{"rendered":"Novela \u201cCuidado com o Anjo\u201d resumo 22\/03: Mal\u00fa sofre hemorragia cerebral"},"content":{"rendered":"<p> <img loading=\"lazy\" decoding=\"async\" src=\"https:\/\/migracao.redenoticia.com.br\/noticia\/imagens\/cuidado-com-o-anjo-novela-resumo-capitulo-sbt-episodio-150x112.jpg\" alt=\"cuidado com o anjo novela resumo capitulo sbt episodio\" width=\"150\" height=\"112\" class=\"alignleft size-thumbnail wp-image-82049\" srcset=\"https:\/\/migracao.redenoticia.com.br\/noticia\/imagens\/cuidado-com-o-anjo-novela-resumo-capitulo-sbt-episodio-150x112.jpg 150w, https:\/\/migracao.redenoticia.com.br\/noticia\/imagens\/cuidado-com-o-anjo-novela-resumo-capitulo-sbt-episodio-265x198.jpg 265w\" sizes=\"auto, (max-width: 150px) 100vw, 150px\" \/><strong><em>Novela \u201cCuidado com o Anjo\u201d resumo 22\/03<\/em><\/strong>: Estef\u00e2nia trocou as balas do rev\u00f3lver da cena de teatro e Mal\u00fa \u00e9 atingida por tiros de verdade. Mal\u00fa \u00e9 levada para o hospital com um ferimento no bra\u00e7o e outro na cabe\u00e7a. Os m\u00e9dicos a operam, mas aconselham Amador a comunicar a fam\u00edlia que o estado dela \u00e9 muito delicado. Mal\u00fa sofre uma hemorragia cerebral, os m\u00e9dicos comunicam a Patr\u00edcio e Jo\u00e3o Miguel que precisam oper\u00e1-la imediatamente e dizem que s\u00e3o poucas as chances de sobreviv\u00eancia. Mal\u00fa delira e chama pelo filho. Ela tem uma pequena rea\u00e7\u00e3o ao sentir a presen\u00e7a da m\u00e3e, mas logo perde a consci\u00eancia. Mal\u00fa se despede do filho e pede \u00e0 m\u00e3e que cuide dele com muito amor.<\/p>\n<p>No capitulo 082 (*), novela \u201cCuidado com o Anjo\u201d, ter\u00e7a-feira, 22 de mar\u00e7o \u2013 O m\u00e9dico diz a Jo\u00e3o Miguel que Mal\u00fa corre o risco de morrer ou de ficar com uma les\u00e3o cerebral. Casualmente, Patr\u00edcio fica sabendo do acidente e visita a filha no hospital. Jo\u00e3o Miguel responsabiliza Amador pelo acidente, mas Ana J\u00falia garante que algu\u00e9m trocou as balas do rev\u00f3lver propositalmente. Patr\u00edcio decide informar a pol\u00edcia. Branca avisa Leopardo sobre o acidente e os dois se encontram no hospital. Mal\u00fa sofre uma hemorragia cerebral, os m\u00e9dicos comunicam a Patr\u00edcio e Jo\u00e3o Miguel que precisam oper\u00e1-la imediatamente e dizem que s\u00e3o poucas as chances de sobreviv\u00eancia. <\/p>\n<p>Patr\u00edcio autoriza a cirurgia, mas Leopardo se op\u00f5e e afirma que se ela se salvar ficar\u00e1 paral\u00edtica. Cec\u00edlia se desespera ao receber a not\u00edcia e Estef\u00e2nia torce para que ela morra. Mal\u00fa delira e chama pelo filho. Jo\u00e3o Miguel pede a padre Anselmo que leva a crian\u00e7a at\u00e9 o hospital. Mal\u00fa tem uma pequena rea\u00e7\u00e3o ao sentir a presen\u00e7a da m\u00e3e, mas logo perde a consci\u00eancia. Mal\u00fa se despede do filho dizendo a ele que vai morrer e pede \u00e0 m\u00e3e que cuide dele com muito amor. Amador questiona Ana J\u00falia sobre a substitui\u00e7\u00e3o das balas do rev\u00f3lver e a responsabiliza pelo acidente. Os m\u00e9dicos come\u00e7am a delicada cirurgia em Mal\u00fa. Patr\u00edcio leva Cec\u00edlia, Candel\u00e1ria e o neto para sua casa. <\/p>\n<p>Desesperado, Jo\u00e3o Miguel se pergunta se tomaram a decis\u00e3o correta. Cec\u00edlia e Candel\u00e1ria conversam sobre a vida dif\u00edcil de Mal\u00fa e sofrem pensando que ela pode morrer. A pol\u00edcia interroga Amador e fala sobre tentativa de homic\u00eddio. Patr\u00edcio se culpa pelo acidente e por n\u00e3o ter acolhido Mal\u00fa em sua casa quando descobriu que era sua filha. O m\u00e9dico comunica \u00e0 fam\u00edlia que a cirurgia foi um sucesso, mas ser\u00e1 preciso esperar 72 horas para saber se Mal\u00fa ficar\u00e1 com sequelas. Isabela come\u00e7a a se preocupar com a possibilidade de Mal\u00fa se salvar, mas Estef\u00e2nia est\u00e1 convencida que se livrar\u00e1 dela para sempre. Cec\u00edlia agradece Patr\u00edcio pelo apoio. <\/p>\n<p>(*) edi\u00e7\u00e3o do SBT, Novela \u201cCuidado com o Anjo\u201d, sujeito a altera\u00e7\u00e3o de data e conte\u00fado.<\/p>\n","protected":false},"excerpt":{"rendered":"<p>Novela \u201cCuidado com o Anjo\u201d resumo 22\/03: Estef\u00e2nia trocou as balas do rev\u00f3lver da cena de teatro e Mal\u00fa \u00e9 atingida por tiros de verdade. Mal\u00fa \u00e9 levada para o hospital com um ferimento no bra\u00e7o e outro na cabe\u00e7a. Os m\u00e9dicos a operam, mas aconselham Amador a comunicar a fam\u00edlia que o estado dela [&hellip;]<\/p>\n","protected":false},"author":2,"featured_media":82049,"comment_status":"open","ping_status":"closed","sticky":false,"template":"","format":"standard","meta":{"tdm_status":"","tdm_grid_status":"","footnotes":""},"categories":[379,372,343],"tags":[],"class_list":{"0":"post-82799","1":"post","2":"type-post","3":"status-publish","4":"format-standard","5":"has-post-thumbnail","7":"category-novelas","8":"category-sbt","9":"category-televisao"},"_links":{"self":[{"href":"https:\/\/migracao.redenoticia.com.br\/noticia\/wp-json\/wp\/v2\/posts\/82799","targetHints":{"allow":["GET"]}}],"collection":[{"href":"https:\/\/migracao.redenoticia.com.br\/noticia\/wp-json\/wp\/v2\/posts"}],"about":[{"href":"https:\/\/migracao.redenoticia.com.br\/noticia\/wp-json\/wp\/v2\/types\/post"}],"author":[{"embeddable":true,"href":"https:\/\/migracao.redenoticia.com.br\/noticia\/wp-json\/wp\/v2\/users\/2"}],"replies":[{"embeddable":true,"href":"https:\/\/migracao.redenoticia.com.br\/noticia\/wp-json\/wp\/v2\/comments?post=82799"}],"version-history":[{"count":0,"href":"https:\/\/migracao.redenoticia.com.br\/noticia\/wp-json\/wp\/v2\/posts\/82799\/revisions"}],"wp:featuredmedia":[{"embeddable":true,"href":"https:\/\/migracao.redenoticia.com.br\/noticia\/wp-json\/wp\/v2\/media\/82049"}],"wp:attachment":[{"href":"https:\/\/migracao.redenoticia.com.br\/noticia\/wp-json\/wp\/v2\/media?parent=82799"}],"wp:term":[{"taxonomy":"category","embeddable":true,"href":"https:\/\/migracao.redenoticia.com.br\/noticia\/wp-json\/wp\/v2\/categories?post=82799"},{"taxonomy":"post_tag","embeddable":true,"href":"https:\/\/migracao.redenoticia.com.br\/noticia\/wp-json\/wp\/v2\/tags?post=82799"}],"curies":[{"name":"wp","href":"https:\/\/api.w.org\/{rel}","templated":true}]}}