{"id":82808,"date":"2016-03-21T17:12:28","date_gmt":"2016-03-21T20:12:28","guid":{"rendered":"http:\/\/www.redenoticia.com.br\/noticia\/?p=82808"},"modified":"2016-03-21T17:12:28","modified_gmt":"2016-03-21T20:12:28","slug":"novela-carrossel-resumo-2203-alunos-se-empolgam-com-o-novo-projeto","status":"publish","type":"post","link":"https:\/\/migracao.redenoticia.com.br\/noticia\/2016\/novela-carrossel-resumo-2203-alunos-se-empolgam-com-o-novo-projeto\/82808","title":{"rendered":"Novela \u201cCarrossel\u201d resumo 22\/03: alunos se empolgam com o novo projeto"},"content":{"rendered":"<p> <img loading=\"lazy\" decoding=\"async\" src=\"https:\/\/migracao.redenoticia.com.br\/noticia\/imagens\/Carrossel_resumo_novela_sbt-150x112.jpg\" alt=\"Carrossel_resumo_novela_sbt\" width=\"150\" height=\"112\" class=\"alignleft size-thumbnail wp-image-82147\" srcset=\"https:\/\/migracao.redenoticia.com.br\/noticia\/imagens\/Carrossel_resumo_novela_sbt-150x112.jpg 150w, https:\/\/migracao.redenoticia.com.br\/noticia\/imagens\/Carrossel_resumo_novela_sbt-265x198.jpg 265w\" sizes=\"auto, (max-width: 150px) 100vw, 150px\" \/><strong><em>Novela \u201cCarrossel\u201d resumo 22\/03<\/em><\/strong>: ap\u00f3s assistir um filme com Ren\u00ea, Helena tem uma ideia brilhante. Ela decide sugerir aos seus alunos para eles criarem um filme. Em sala de aula, Helena fala que eles devem preparar um projeto audiovisual com um v\u00eddeo. Helena explica que o trabalho n\u00e3o substitui a prova da diretora, mas auxilia na nota final. O tema do projeto \u00e9 livre, mas eles t\u00eam que reproduzir a cena de algum filme. A professora fala ainda que devem fazer a parte pr\u00e1tica e te\u00f3rica, como se fosse um di\u00e1rio de produ\u00e7\u00e3o. Os alunos se empolgam com o novo projeto, mas tamb\u00e9m discordam das id\u00e9ias e come\u00e7am as brigas.<\/p>\n<p>No capitulo 268 (*), novela \u201cCarrossel\u201d, ter\u00e7a-feira, 22 de mar\u00e7o \u2013 Davi e M\u00e1rio mostram o bilhete pra Val\u00e9ria, que agradece a Deus. Jaime continua aterrorizado com a prova que a diretora Ol\u00edvia aplicar\u00e1 em breve. Os demais alunos concordam com Jaime durante a aula. Helena conta que os alunos ter\u00e3o que preparar um projeto audiovisual com um v\u00eddeo. <\/p>\n<p>A professora explica que o trabalho n\u00e3o substituir\u00e1 a prova da diretora, mas auxiliar\u00e1 na nota final. Helena conta que o tema do projeto \u00e9 livre, mas que eles ter\u00e3o que reproduzir a cena de algum filme. A professora conta ainda que os alunos ter\u00e3o que fazer a parte pr\u00e1tica e te\u00f3rica, com uma esp\u00e9cie de di\u00e1rio de produ\u00e7\u00e3o que ir\u00e1 virar um livro da turma. <\/p>\n<p>Um dos grupos se re\u00fane, trata-se do grupo de Daniel, Marcelina, Val\u00e9ria, Alicia e Laura. Val\u00e9ria n\u00e3o pode comparecer. As meninas pensam em uma cena de Crep\u00fasculo, mas Daniel se recusa a fazer cena de um vampiro que brilha no escuro. <\/p>\n<p>(*) edi\u00e7\u00e3o do SBT, Novela \u201cCarrossel\u201d, sujeito a altera\u00e7\u00e3o de data e conte\u00fado.<\/p>\n","protected":false},"excerpt":{"rendered":"<p>Novela \u201cCarrossel\u201d resumo 22\/03: ap\u00f3s assistir um filme com Ren\u00ea, Helena tem uma ideia brilhante. Ela decide sugerir aos seus alunos para eles criarem um filme. Em sala de aula, Helena fala que eles devem preparar um projeto audiovisual com um v\u00eddeo. Helena explica que o trabalho n\u00e3o substitui a prova da diretora, mas auxilia [&hellip;]<\/p>\n","protected":false},"author":2,"featured_media":82147,"comment_status":"open","ping_status":"closed","sticky":false,"template":"","format":"standard","meta":{"tdm_status":"","tdm_grid_status":"","footnotes":""},"categories":[379,372,343],"tags":[],"class_list":{"0":"post-82808","1":"post","2":"type-post","3":"status-publish","4":"format-standard","5":"has-post-thumbnail","7":"category-novelas","8":"category-sbt","9":"category-televisao"},"_links":{"self":[{"href":"https:\/\/migracao.redenoticia.com.br\/noticia\/wp-json\/wp\/v2\/posts\/82808","targetHints":{"allow":["GET"]}}],"collection":[{"href":"https:\/\/migracao.redenoticia.com.br\/noticia\/wp-json\/wp\/v2\/posts"}],"about":[{"href":"https:\/\/migracao.redenoticia.com.br\/noticia\/wp-json\/wp\/v2\/types\/post"}],"author":[{"embeddable":true,"href":"https:\/\/migracao.redenoticia.com.br\/noticia\/wp-json\/wp\/v2\/users\/2"}],"replies":[{"embeddable":true,"href":"https:\/\/migracao.redenoticia.com.br\/noticia\/wp-json\/wp\/v2\/comments?post=82808"}],"version-history":[{"count":0,"href":"https:\/\/migracao.redenoticia.com.br\/noticia\/wp-json\/wp\/v2\/posts\/82808\/revisions"}],"wp:featuredmedia":[{"embeddable":true,"href":"https:\/\/migracao.redenoticia.com.br\/noticia\/wp-json\/wp\/v2\/media\/82147"}],"wp:attachment":[{"href":"https:\/\/migracao.redenoticia.com.br\/noticia\/wp-json\/wp\/v2\/media?parent=82808"}],"wp:term":[{"taxonomy":"category","embeddable":true,"href":"https:\/\/migracao.redenoticia.com.br\/noticia\/wp-json\/wp\/v2\/categories?post=82808"},{"taxonomy":"post_tag","embeddable":true,"href":"https:\/\/migracao.redenoticia.com.br\/noticia\/wp-json\/wp\/v2\/tags?post=82808"}],"curies":[{"name":"wp","href":"https:\/\/api.w.org\/{rel}","templated":true}]}}