{"id":8281,"date":"2009-08-11T19:27:23","date_gmt":"2009-08-11T23:27:23","guid":{"rendered":"http:\/\/www.redenoticia.com.br\/noticia\/?p=8281"},"modified":"2009-08-11T19:27:23","modified_gmt":"2009-08-11T23:27:23","slug":"vai-vai-apresenta-seu-enredo-do-carnaval-2010","status":"publish","type":"post","link":"https:\/\/migracao.redenoticia.com.br\/noticia\/2009\/vai-vai-apresenta-seu-enredo-do-carnaval-2010\/8281","title":{"rendered":"Vai-Vai apresenta seu enredo do carnaval 2010"},"content":{"rendered":"<p>A Vai-Vai, tradicional escola de samba paulistana, apresenta\u00a0no dia 10 de agosto, a partir das 20h, no Sal\u00e3o Nobre do Pacaembu, o enredo para o seu carnaval 2010. Sob o tema \u201c<em>80 anos de arte e euforia &#8211; \u00c9 bom no samba \u00c9 bom no couro &#8211; Salve o Duplo Jubileu de Carvalho\u201d, <\/em>a escola vai cantar na avenida os seus 80 anos de hist\u00f3ria e as Copas do Mundo.<\/p>\n<p>O enredo, de autoria da Comiss\u00e3o de Carnaval, far\u00e1 um retrospecto dos 80 anos do maior evento esportivo mundial, incluindo a Copa de 2014, no Brasil. Junto com as Copas do futebol, ser\u00e1 apresentada a trajet\u00f3ria da Vai-Vai, que comemora seu 80\u00ba anivers\u00e1rio no dia 1\u00ba de janeiro do ano que vem.<\/p>\n<p>Para 2010, a escola vem cheia de novidades, como a estreia de Carlinhos de Jesus, respons\u00e1vel pela Comiss\u00e3o de Frente da Mangueira de 1998 a 2008. O core\u00f3grafo exercer\u00e1 na Vai-Vai a mesma fun\u00e7\u00e3o.\u00a0<em>\u201cA Vai-Vai \u00e9 uma escola tradicional, organizada e bem-estruturada\u201d<\/em>, elogia. O jornalista esportivo Orlando Duarte tamb\u00e9m foi escalado para ajudar a escola com informa\u00e7\u00f5es hist\u00f3ricas sobre as Copas Mundiais. Lane Santana, carnavalesco da Portela, e o figurinista Marcus Janu\u00e1rio, ex-Caprichosos de Pilares, completam os refor\u00e7os da Vai-Vai para 2010. A dupla faz da Comiss\u00e3o de Carnaval, respons\u00e1vel pela elabora\u00e7\u00e3o dos elementos cenogr\u00e1ficos, alegorias e fantasias.<\/p>\n<p>Para eternizar os 80 anos da escola, ser\u00e1 lan\u00e7ado um selo comemorativo contendo s\u00edmbolos que remetem ao futebol e \u00e0 historia da escola: estrelas representando o pentacampeonato da sele\u00e7\u00e3o, um sambista com pandeiro em uma m\u00e3o e bola de futebol na outra, retratos de grandes jogadores e uma homenagem ao primeiro Rei Momo negro, Henric\u00e3o, autor de \u201cCasinha da Marambaia\u201d e \u201cT\u00e1 chegando a hora\u201d e as datas dos treze t\u00edtulos conquistados peal escola. O projeto foi desenvolvido por Weber Am\u00eandola.<\/p>\n<p>Os sambas-enredos ser\u00e3o apresentados todos os domingos de agosto a setembro. No dia 4 de outubro ser\u00e1 a etapa final, quando ser\u00e1 divulgado o samba-enredo escolhido para o carnaval 2010. At\u00e9 fevereiro de 2010 est\u00e3o programados v\u00e1rios eventos especiais, incluindo a festa de anivers\u00e1rio da Vai-Vai, dia 23 de janeiro.<\/p>\n","protected":false},"excerpt":{"rendered":"<p>A Vai-Vai, tradicional escola de samba paulistana, apresenta\u00a0no dia 10 de agosto, a partir das 20h, no Sal\u00e3o Nobre do Pacaembu, o enredo para o seu carnaval 2010. Sob o tema \u201c80 anos de arte e euforia &#8211; \u00c9 bom no samba \u00c9 bom no couro &#8211; Salve o Duplo Jubileu de Carvalho\u201d, a escola [&hellip;]<\/p>\n","protected":false},"author":2,"featured_media":0,"comment_status":"open","ping_status":"open","sticky":false,"template":"","format":"standard","meta":{"tdm_status":"","tdm_grid_status":"","footnotes":""},"categories":[22],"tags":[],"class_list":{"0":"post-8281","1":"post","2":"type-post","3":"status-publish","4":"format-standard","6":"category-brasil"},"_links":{"self":[{"href":"https:\/\/migracao.redenoticia.com.br\/noticia\/wp-json\/wp\/v2\/posts\/8281","targetHints":{"allow":["GET"]}}],"collection":[{"href":"https:\/\/migracao.redenoticia.com.br\/noticia\/wp-json\/wp\/v2\/posts"}],"about":[{"href":"https:\/\/migracao.redenoticia.com.br\/noticia\/wp-json\/wp\/v2\/types\/post"}],"author":[{"embeddable":true,"href":"https:\/\/migracao.redenoticia.com.br\/noticia\/wp-json\/wp\/v2\/users\/2"}],"replies":[{"embeddable":true,"href":"https:\/\/migracao.redenoticia.com.br\/noticia\/wp-json\/wp\/v2\/comments?post=8281"}],"version-history":[{"count":0,"href":"https:\/\/migracao.redenoticia.com.br\/noticia\/wp-json\/wp\/v2\/posts\/8281\/revisions"}],"wp:attachment":[{"href":"https:\/\/migracao.redenoticia.com.br\/noticia\/wp-json\/wp\/v2\/media?parent=8281"}],"wp:term":[{"taxonomy":"category","embeddable":true,"href":"https:\/\/migracao.redenoticia.com.br\/noticia\/wp-json\/wp\/v2\/categories?post=8281"},{"taxonomy":"post_tag","embeddable":true,"href":"https:\/\/migracao.redenoticia.com.br\/noticia\/wp-json\/wp\/v2\/tags?post=8281"}],"curies":[{"name":"wp","href":"https:\/\/api.w.org\/{rel}","templated":true}]}}