{"id":82815,"date":"2016-03-21T17:52:44","date_gmt":"2016-03-21T20:52:44","guid":{"rendered":"http:\/\/www.redenoticia.com.br\/noticia\/?p=82815"},"modified":"2016-03-21T17:52:44","modified_gmt":"2016-03-21T20:52:44","slug":"novela-chamas-da-vida-resumo-2203-vivi-consegue-endereco-do-cativeiro","status":"publish","type":"post","link":"https:\/\/migracao.redenoticia.com.br\/noticia\/2016\/novela-chamas-da-vida-resumo-2203-vivi-consegue-endereco-do-cativeiro\/82815","title":{"rendered":"Novela \u201cChamas da Vida\u201d resumo 22\/03: Vivi consegue endere\u00e7o do cativeiro"},"content":{"rendered":"<p> <img loading=\"lazy\" decoding=\"async\" src=\"https:\/\/migracao.redenoticia.com.br\/noticia\/imagens\/chamas_da_vida_resumo_novela-150x112.jpeg\" alt=\"chamas_da_vida_resumo_novela\" width=\"150\" height=\"112\" class=\"alignleft size-thumbnail wp-image-82020\" \/><strong><em>Novela \u201cChamas da Vida\u201d resumo 22\/03<\/em><\/strong>: mesmo com medo, Vivi encontra Lipe e vai direto ao assunto: o cativeiro de Demor\u00f4. Lipe reclama que ela n\u00e3o se preocupa com ele e declara que a ama. Vivi se mant\u00e9m s\u00e9ria e ouve as declara\u00e7\u00f5es do bandido, mas amea\u00e7a deix\u00e1-lo se ele n\u00e3o confessar o endere\u00e7o do cativeiro de Demor\u00f4. Lipe reluta, mas conta o segredo. Vivi sai da sala e conta a Pedro e a Andressa sobre o cativeiro de Demor\u00f4.<\/p>\n<p>No capitulo 102(*), novela \u201cChamas da Vida\u201d, ter\u00e7a-feira, 22 de mar\u00e7o \u2013  Vivi pergunta a Lipe onde \u00e9 o cativeiro de Demoro. Lipe diz-lhe se ela n\u00e3o vai perguntar se ele est\u00e1 bem. Lipe diz que quer conversar com ela. Lipe diz que ama Vivi. Vivi diz que tem nojo. Guilherme diz ao dono do bar que \u00e9 apaixonado por Michele. O dono do bar diz que vai telefonar para Brito. Carolina acalma Pedro. Andressa diz que est\u00e1 tensa. Lipe diz que sempre gostou de meninas mais novas do que ele. Tom\u00e1s e Vilma pressionam Diego e diz que sabe que ele tentou chantagear Beatriz.<\/p>\n<p> Ele diz que ama Beatriz e queria que ela voltasse para ele. Brito vai buscar Guilherme ao bar. Roseclair diz que est\u00e1 a acontecer alguma coisa com Guilherme. Lipe diz que fez amor com Vivi. Vivi diz que se vai embora se ele n\u00e3o contar onde \u00e9 o cativeiro de Demor\u00f4. Telma entra no ferro-velho e discute com Manu. Manu pergunta se Junior morreu. Telma diz que n\u00e3o. <\/p>\n<p>Washington pega em Telma pelo bra\u00e7o e diz que ela viu Manu a roubar o carro. Vivi conta a Pedro e a Andressa que Demor\u00f4 est\u00e1 num casebre de uma estrada. A pol\u00edcia vai atr\u00e1s de Demoro. Andressa agradece a Vivi. Carolina abra\u00e7a-a. Telma jura para Washington que n\u00e3o vai contar \u00e0 pol\u00edcia. Ele diz que se ela abrir a boca quem vai sofrer \u00e9 Manu. <\/p>\n<p>(*) edi\u00e7\u00e3o da Rede Record, Novela \u201cChamas da Vida\u201d, sujeito a altera\u00e7\u00e3o de data e conte\u00fado.<\/p>\n","protected":false},"excerpt":{"rendered":"<p>Novela \u201cChamas da Vida\u201d resumo 22\/03: mesmo com medo, Vivi encontra Lipe e vai direto ao assunto: o cativeiro de Demor\u00f4. Lipe reclama que ela n\u00e3o se preocupa com ele e declara que a ama. Vivi se mant\u00e9m s\u00e9ria e ouve as declara\u00e7\u00f5es do bandido, mas amea\u00e7a deix\u00e1-lo se ele n\u00e3o confessar o endere\u00e7o do [&hellip;]<\/p>\n","protected":false},"author":2,"featured_media":82020,"comment_status":"open","ping_status":"closed","sticky":false,"template":"","format":"standard","meta":{"tdm_status":"","tdm_grid_status":"","footnotes":""},"categories":[379,371,343],"tags":[],"class_list":{"0":"post-82815","1":"post","2":"type-post","3":"status-publish","4":"format-standard","5":"has-post-thumbnail","7":"category-novelas","8":"category-rede-record","9":"category-televisao"},"_links":{"self":[{"href":"https:\/\/migracao.redenoticia.com.br\/noticia\/wp-json\/wp\/v2\/posts\/82815","targetHints":{"allow":["GET"]}}],"collection":[{"href":"https:\/\/migracao.redenoticia.com.br\/noticia\/wp-json\/wp\/v2\/posts"}],"about":[{"href":"https:\/\/migracao.redenoticia.com.br\/noticia\/wp-json\/wp\/v2\/types\/post"}],"author":[{"embeddable":true,"href":"https:\/\/migracao.redenoticia.com.br\/noticia\/wp-json\/wp\/v2\/users\/2"}],"replies":[{"embeddable":true,"href":"https:\/\/migracao.redenoticia.com.br\/noticia\/wp-json\/wp\/v2\/comments?post=82815"}],"version-history":[{"count":0,"href":"https:\/\/migracao.redenoticia.com.br\/noticia\/wp-json\/wp\/v2\/posts\/82815\/revisions"}],"wp:featuredmedia":[{"embeddable":true,"href":"https:\/\/migracao.redenoticia.com.br\/noticia\/wp-json\/wp\/v2\/media\/82020"}],"wp:attachment":[{"href":"https:\/\/migracao.redenoticia.com.br\/noticia\/wp-json\/wp\/v2\/media?parent=82815"}],"wp:term":[{"taxonomy":"category","embeddable":true,"href":"https:\/\/migracao.redenoticia.com.br\/noticia\/wp-json\/wp\/v2\/categories?post=82815"},{"taxonomy":"post_tag","embeddable":true,"href":"https:\/\/migracao.redenoticia.com.br\/noticia\/wp-json\/wp\/v2\/tags?post=82815"}],"curies":[{"name":"wp","href":"https:\/\/api.w.org\/{rel}","templated":true}]}}